{"id":244303,"date":"2018-04-30T00:00:00","date_gmt":"2018-04-29T23:00:00","guid":{"rendered":"https:\/\/www.sistemas-catalunya.com\/sistemas-digitales-al-costat-del-girona-fc\/"},"modified":"2025-07-21T11:12:50","modified_gmt":"2025-07-21T10:12:50","slug":"sistemas-digitales-al-costat-del-girona-fc","status":"publish","type":"post","link":"https:\/\/www.sistemas-catalunya.com\/ca\/sistemas-digitales-al-costat-del-girona-fc\/","title":{"rendered":"Sistemes Digitals al costat del Girona FC"},"content":{"rendered":"<p><strong>Sistemes Digitals renova el patrocini per cinquena temporada consecutiva amb el Girona FC.<\/strong><\/p>\n<p>Ricoh Sistemes Digitals Catalunya i el Girona FC, han renovat l&#8217;acord de patrocini per cinquena temporada consecutiva consolidant el suport i la confian\u00e7a que la companyia mant\u00e9 amb el club des del 2013. Ricoh Sistemes Digitals \u00e9s el distribu\u00efdor l\u00edder en venda i servei de manteniment de fotocopiadores, impressores multifunci\u00f3 i altres solucions professionals de gesti\u00f3 i control d&#8217;impressi\u00f3. <\/p>\n<p>Delf\u00ed Geli, President del Girona FC, i Jos\u00e9 Luis Beguer, CEO de Ricoh Sistemes Digitals Catalunya, van escenificar l&#8217;acord a l&#8217;estadi de Montilivi.<\/p>\n<p>&#8220;Fa anys vam apostar pel Girona FC i en tot aquest temps no ho hem dubtat, sab\u00edem que el Girona FC tard o d&#8217;hora seria de primera&#8221; va manifestar el CEO de la Companyia, Jos\u00e9 Luis Beguer.<\/p>\n","protected":false},"excerpt":{"rendered":"<p>Sistemes Digitals renova el patrocini per cinquena temporada consecutiva amb el Girona FC. Ricoh Sistemes Digitals Catalunya i el Girona FC, han renovat l&#8217;acord de patrocini per cinquena temporada consecutiva consolidant el suport i la confian\u00e7a que la companyia mant\u00e9 amb el club des del 2013. Ricoh Sistemes Digitals \u00e9s el distribu\u00efdor l\u00edder en venda [&hellip;]<\/p>\n","protected":false},"author":7,"featured_media":244642,"comment_status":"open","ping_status":"open","sticky":false,"template":"","format":"standard","meta":{"_acf_changed":false,"footnotes":""},"categories":[2],"tags":[],"class_list":["post-244303","post","type-post","status-publish","format-standard","has-post-thumbnail","hentry","category-noticies-sistemas-digitales"],"acf":[],"yoast_head":"<!-- This site is optimized with the Yoast SEO plugin v27.4 - https:\/\/yoast.com\/product\/yoast-seo-wordpress\/ -->\n<title>Sistemes Digitals al costat del Girona FC - Sistemas Digitales<\/title>\n<meta name=\"description\" content=\"Sistemes Digitals renova el patrocini per cinquena temporada consecutiva amb el Girona FC.\" \/>\n<meta name=\"robots\" content=\"index, follow, max-snippet:-1, max-image-preview:large, max-video-preview:-1\" \/>\n<link rel=\"canonical\" href=\"https:\/\/www.sistemas-catalunya.com\/ca\/sistemas-digitales-al-costat-del-girona-fc\/\" \/>\n<meta property=\"og:locale\" content=\"ca_ES\" \/>\n<meta property=\"og:type\" content=\"article\" \/>\n<meta property=\"og:title\" content=\"Sistemes Digitals al costat del Girona FC - Sistemas Digitales\" \/>\n<meta property=\"og:description\" content=\"Sistemes Digitals renova el patrocini per cinquena temporada consecutiva amb el Girona FC.\" \/>\n<meta property=\"og:url\" content=\"https:\/\/www.sistemas-catalunya.com\/ca\/sistemas-digitales-al-costat-del-girona-fc\/\" \/>\n<meta property=\"og:site_name\" content=\"Sistemas Digitales\" \/>\n<meta property=\"article:published_time\" content=\"2018-04-29T23:00:00+00:00\" \/>\n<meta property=\"article:modified_time\" content=\"2025-07-21T10:12:50+00:00\" \/>\n<meta property=\"og:image\" content=\"https:\/\/www.sistemas-catalunya.com\/wp-content\/uploads\/2020\/11\/37.jpg\" \/>\n\t<meta property=\"og:image:width\" content=\"1280\" \/>\n\t<meta property=\"og:image:height\" content=\"720\" \/>\n\t<meta property=\"og:image:type\" content=\"image\/jpeg\" \/>\n<meta name=\"author\" content=\"Equipo Sistemas Digitales\" \/>\n<meta name=\"twitter:card\" content=\"summary_large_image\" \/>\n<meta name=\"twitter:label1\" content=\"Escrit per\" \/>\n\t<meta name=\"twitter:data1\" content=\"Equipo Sistemas Digitales\" \/>\n\t<meta name=\"twitter:label2\" content=\"Temps estimat de lectura\" \/>\n\t<meta name=\"twitter:data2\" content=\"1 minut\" \/>\n<script type=\"application\/ld+json\" class=\"yoast-schema-graph\">{\"@context\":\"https:\\\/\\\/schema.org\",\"@graph\":[{\"@type\":\"Article\",\"@id\":\"https:\\\/\\\/www.sistemas-catalunya.com\\\/ca\\\/sistemas-digitales-al-costat-del-girona-fc\\\/#article\",\"isPartOf\":{\"@id\":\"https:\\\/\\\/www.sistemas-catalunya.com\\\/ca\\\/sistemas-digitales-al-costat-del-girona-fc\\\/\"},\"author\":{\"name\":\"Equipo Sistemas Digitales\",\"@id\":\"https:\\\/\\\/www.sistemas-catalunya.com\\\/ca\\\/#\\\/schema\\\/person\\\/0e8685d60c5a2a9ea118a07de0f023eb\"},\"headline\":\"Sistemes Digitals al costat del Girona FC\",\"datePublished\":\"2018-04-29T23:00:00+00:00\",\"dateModified\":\"2025-07-21T10:12:50+00:00\",\"mainEntityOfPage\":{\"@id\":\"https:\\\/\\\/www.sistemas-catalunya.com\\\/ca\\\/sistemas-digitales-al-costat-del-girona-fc\\\/\"},\"wordCount\":147,\"commentCount\":0,\"image\":{\"@id\":\"https:\\\/\\\/www.sistemas-catalunya.com\\\/ca\\\/sistemas-digitales-al-costat-del-girona-fc\\\/#primaryimage\"},\"thumbnailUrl\":\"https:\\\/\\\/www.sistemas-catalunya.com\\\/wp-content\\\/uploads\\\/2020\\\/11\\\/37.jpg\",\"articleSection\":[\"Not\u00edcies Sistemas Digitales\"],\"inLanguage\":\"ca\",\"potentialAction\":[{\"@type\":\"CommentAction\",\"name\":\"Comment\",\"target\":[\"https:\\\/\\\/www.sistemas-catalunya.com\\\/ca\\\/sistemas-digitales-al-costat-del-girona-fc\\\/#respond\"]}]},{\"@type\":\"WebPage\",\"@id\":\"https:\\\/\\\/www.sistemas-catalunya.com\\\/ca\\\/sistemas-digitales-al-costat-del-girona-fc\\\/\",\"url\":\"https:\\\/\\\/www.sistemas-catalunya.com\\\/ca\\\/sistemas-digitales-al-costat-del-girona-fc\\\/\",\"name\":\"Sistemes Digitals al costat del Girona FC - Sistemas Digitales\",\"isPartOf\":{\"@id\":\"https:\\\/\\\/www.sistemas-catalunya.com\\\/ca\\\/#website\"},\"primaryImageOfPage\":{\"@id\":\"https:\\\/\\\/www.sistemas-catalunya.com\\\/ca\\\/sistemas-digitales-al-costat-del-girona-fc\\\/#primaryimage\"},\"image\":{\"@id\":\"https:\\\/\\\/www.sistemas-catalunya.com\\\/ca\\\/sistemas-digitales-al-costat-del-girona-fc\\\/#primaryimage\"},\"thumbnailUrl\":\"https:\\\/\\\/www.sistemas-catalunya.com\\\/wp-content\\\/uploads\\\/2020\\\/11\\\/37.jpg\",\"datePublished\":\"2018-04-29T23:00:00+00:00\",\"dateModified\":\"2025-07-21T10:12:50+00:00\",\"author\":{\"@id\":\"https:\\\/\\\/www.sistemas-catalunya.com\\\/ca\\\/#\\\/schema\\\/person\\\/0e8685d60c5a2a9ea118a07de0f023eb\"},\"description\":\"Sistemes Digitals renova el patrocini per cinquena temporada consecutiva amb el Girona FC.\",\"breadcrumb\":{\"@id\":\"https:\\\/\\\/www.sistemas-catalunya.com\\\/ca\\\/sistemas-digitales-al-costat-del-girona-fc\\\/#breadcrumb\"},\"inLanguage\":\"ca\",\"potentialAction\":[{\"@type\":\"ReadAction\",\"target\":[\"https:\\\/\\\/www.sistemas-catalunya.com\\\/ca\\\/sistemas-digitales-al-costat-del-girona-fc\\\/\"]}]},{\"@type\":\"ImageObject\",\"inLanguage\":\"ca\",\"@id\":\"https:\\\/\\\/www.sistemas-catalunya.com\\\/ca\\\/sistemas-digitales-al-costat-del-girona-fc\\\/#primaryimage\",\"url\":\"https:\\\/\\\/www.sistemas-catalunya.com\\\/wp-content\\\/uploads\\\/2020\\\/11\\\/37.jpg\",\"contentUrl\":\"https:\\\/\\\/www.sistemas-catalunya.com\\\/wp-content\\\/uploads\\\/2020\\\/11\\\/37.jpg\",\"width\":1280,\"height\":720,\"caption\":\"37\"},{\"@type\":\"BreadcrumbList\",\"@id\":\"https:\\\/\\\/www.sistemas-catalunya.com\\\/ca\\\/sistemas-digitales-al-costat-del-girona-fc\\\/#breadcrumb\",\"itemListElement\":[{\"@type\":\"ListItem\",\"position\":1,\"name\":\"Sistemas Catalunya\",\"item\":\"https:\\\/\\\/www.sistemas-catalunya.com\\\/ca\\\/\"},{\"@type\":\"ListItem\",\"position\":2,\"name\":\"Sistemes Digitals al costat del Girona FC\"}]},{\"@type\":\"WebSite\",\"@id\":\"https:\\\/\\\/www.sistemas-catalunya.com\\\/ca\\\/#website\",\"url\":\"https:\\\/\\\/www.sistemas-catalunya.com\\\/ca\\\/\",\"name\":\"Sistemas Digitales\",\"description\":\"Renting de Impresoras y Fotocopiadoras ...\",\"potentialAction\":[{\"@type\":\"SearchAction\",\"target\":{\"@type\":\"EntryPoint\",\"urlTemplate\":\"https:\\\/\\\/www.sistemas-catalunya.com\\\/ca\\\/?s={search_term_string}\"},\"query-input\":{\"@type\":\"PropertyValueSpecification\",\"valueRequired\":true,\"valueName\":\"search_term_string\"}}],\"inLanguage\":\"ca\"},{\"@type\":\"Person\",\"@id\":\"https:\\\/\\\/www.sistemas-catalunya.com\\\/ca\\\/#\\\/schema\\\/person\\\/0e8685d60c5a2a9ea118a07de0f023eb\",\"name\":\"Equipo Sistemas Digitales\",\"image\":{\"@type\":\"ImageObject\",\"inLanguage\":\"ca\",\"@id\":\"https:\\\/\\\/secure.gravatar.com\\\/avatar\\\/ec335ddbf628e32b733bae25c902ee849b9b8e4b3ed348c566d53642133e8df7?s=96&d=mm&r=g\",\"url\":\"https:\\\/\\\/secure.gravatar.com\\\/avatar\\\/ec335ddbf628e32b733bae25c902ee849b9b8e4b3ed348c566d53642133e8df7?s=96&d=mm&r=g\",\"contentUrl\":\"https:\\\/\\\/secure.gravatar.com\\\/avatar\\\/ec335ddbf628e32b733bae25c902ee849b9b8e4b3ed348c566d53642133e8df7?s=96&d=mm&r=g\",\"caption\":\"Equipo Sistemas Digitales\"},\"description\":\"En Sistemas Catalunya ofrecemos alquiler de impresoras con soporte t\u00e9cnico y flexibilidad para actualizar equipos. Disfrute de calidad y un servicio al cliente excepcional.\"}]}<\/script>\n<!-- \/ Yoast SEO plugin. -->","yoast_head_json":{"title":"Sistemes Digitals al costat del Girona FC - Sistemas Digitales","description":"Sistemes Digitals renova el patrocini per cinquena temporada consecutiva amb el Girona FC.","robots":{"index":"index","follow":"follow","max-snippet":"max-snippet:-1","max-image-preview":"max-image-preview:large","max-video-preview":"max-video-preview:-1"},"canonical":"https:\/\/www.sistemas-catalunya.com\/ca\/sistemas-digitales-al-costat-del-girona-fc\/","og_locale":"ca_ES","og_type":"article","og_title":"Sistemes Digitals al costat del Girona FC - Sistemas Digitales","og_description":"Sistemes Digitals renova el patrocini per cinquena temporada consecutiva amb el Girona FC.","og_url":"https:\/\/www.sistemas-catalunya.com\/ca\/sistemas-digitales-al-costat-del-girona-fc\/","og_site_name":"Sistemas Digitales","article_published_time":"2018-04-29T23:00:00+00:00","article_modified_time":"2025-07-21T10:12:50+00:00","og_image":[{"width":1280,"height":720,"url":"https:\/\/www.sistemas-catalunya.com\/wp-content\/uploads\/2020\/11\/37.jpg","type":"image\/jpeg"}],"author":"Equipo Sistemas Digitales","twitter_card":"summary_large_image","twitter_misc":{"Escrit per":"Equipo Sistemas Digitales","Temps estimat de lectura":"1 minut"},"schema":{"@context":"https:\/\/schema.org","@graph":[{"@type":"Article","@id":"https:\/\/www.sistemas-catalunya.com\/ca\/sistemas-digitales-al-costat-del-girona-fc\/#article","isPartOf":{"@id":"https:\/\/www.sistemas-catalunya.com\/ca\/sistemas-digitales-al-costat-del-girona-fc\/"},"author":{"name":"Equipo Sistemas Digitales","@id":"https:\/\/www.sistemas-catalunya.com\/ca\/#\/schema\/person\/0e8685d60c5a2a9ea118a07de0f023eb"},"headline":"Sistemes Digitals al costat del Girona FC","datePublished":"2018-04-29T23:00:00+00:00","dateModified":"2025-07-21T10:12:50+00:00","mainEntityOfPage":{"@id":"https:\/\/www.sistemas-catalunya.com\/ca\/sistemas-digitales-al-costat-del-girona-fc\/"},"wordCount":147,"commentCount":0,"image":{"@id":"https:\/\/www.sistemas-catalunya.com\/ca\/sistemas-digitales-al-costat-del-girona-fc\/#primaryimage"},"thumbnailUrl":"https:\/\/www.sistemas-catalunya.com\/wp-content\/uploads\/2020\/11\/37.jpg","articleSection":["Not\u00edcies Sistemas Digitales"],"inLanguage":"ca","potentialAction":[{"@type":"CommentAction","name":"Comment","target":["https:\/\/www.sistemas-catalunya.com\/ca\/sistemas-digitales-al-costat-del-girona-fc\/#respond"]}]},{"@type":"WebPage","@id":"https:\/\/www.sistemas-catalunya.com\/ca\/sistemas-digitales-al-costat-del-girona-fc\/","url":"https:\/\/www.sistemas-catalunya.com\/ca\/sistemas-digitales-al-costat-del-girona-fc\/","name":"Sistemes Digitals al costat del Girona FC - Sistemas Digitales","isPartOf":{"@id":"https:\/\/www.sistemas-catalunya.com\/ca\/#website"},"primaryImageOfPage":{"@id":"https:\/\/www.sistemas-catalunya.com\/ca\/sistemas-digitales-al-costat-del-girona-fc\/#primaryimage"},"image":{"@id":"https:\/\/www.sistemas-catalunya.com\/ca\/sistemas-digitales-al-costat-del-girona-fc\/#primaryimage"},"thumbnailUrl":"https:\/\/www.sistemas-catalunya.com\/wp-content\/uploads\/2020\/11\/37.jpg","datePublished":"2018-04-29T23:00:00+00:00","dateModified":"2025-07-21T10:12:50+00:00","author":{"@id":"https:\/\/www.sistemas-catalunya.com\/ca\/#\/schema\/person\/0e8685d60c5a2a9ea118a07de0f023eb"},"description":"Sistemes Digitals renova el patrocini per cinquena temporada consecutiva amb el Girona FC.","breadcrumb":{"@id":"https:\/\/www.sistemas-catalunya.com\/ca\/sistemas-digitales-al-costat-del-girona-fc\/#breadcrumb"},"inLanguage":"ca","potentialAction":[{"@type":"ReadAction","target":["https:\/\/www.sistemas-catalunya.com\/ca\/sistemas-digitales-al-costat-del-girona-fc\/"]}]},{"@type":"ImageObject","inLanguage":"ca","@id":"https:\/\/www.sistemas-catalunya.com\/ca\/sistemas-digitales-al-costat-del-girona-fc\/#primaryimage","url":"https:\/\/www.sistemas-catalunya.com\/wp-content\/uploads\/2020\/11\/37.jpg","contentUrl":"https:\/\/www.sistemas-catalunya.com\/wp-content\/uploads\/2020\/11\/37.jpg","width":1280,"height":720,"caption":"37"},{"@type":"BreadcrumbList","@id":"https:\/\/www.sistemas-catalunya.com\/ca\/sistemas-digitales-al-costat-del-girona-fc\/#breadcrumb","itemListElement":[{"@type":"ListItem","position":1,"name":"Sistemas Catalunya","item":"https:\/\/www.sistemas-catalunya.com\/ca\/"},{"@type":"ListItem","position":2,"name":"Sistemes Digitals al costat del Girona FC"}]},{"@type":"WebSite","@id":"https:\/\/www.sistemas-catalunya.com\/ca\/#website","url":"https:\/\/www.sistemas-catalunya.com\/ca\/","name":"Sistemas Digitales","description":"Renting de Impresoras y Fotocopiadoras ...","potentialAction":[{"@type":"SearchAction","target":{"@type":"EntryPoint","urlTemplate":"https:\/\/www.sistemas-catalunya.com\/ca\/?s={search_term_string}"},"query-input":{"@type":"PropertyValueSpecification","valueRequired":true,"valueName":"search_term_string"}}],"inLanguage":"ca"},{"@type":"Person","@id":"https:\/\/www.sistemas-catalunya.com\/ca\/#\/schema\/person\/0e8685d60c5a2a9ea118a07de0f023eb","name":"Equipo Sistemas Digitales","image":{"@type":"ImageObject","inLanguage":"ca","@id":"https:\/\/secure.gravatar.com\/avatar\/ec335ddbf628e32b733bae25c902ee849b9b8e4b3ed348c566d53642133e8df7?s=96&d=mm&r=g","url":"https:\/\/secure.gravatar.com\/avatar\/ec335ddbf628e32b733bae25c902ee849b9b8e4b3ed348c566d53642133e8df7?s=96&d=mm&r=g","contentUrl":"https:\/\/secure.gravatar.com\/avatar\/ec335ddbf628e32b733bae25c902ee849b9b8e4b3ed348c566d53642133e8df7?s=96&d=mm&r=g","caption":"Equipo Sistemas Digitales"},"description":"En Sistemas Catalunya ofrecemos alquiler de impresoras con soporte t\u00e9cnico y flexibilidad para actualizar equipos. Disfrute de calidad y un servicio al cliente excepcional."}]}},"_links":{"self":[{"href":"https:\/\/www.sistemas-catalunya.com\/ca\/wp-json\/wp\/v2\/posts\/244303","targetHints":{"allow":["GET"]}}],"collection":[{"href":"https:\/\/www.sistemas-catalunya.com\/ca\/wp-json\/wp\/v2\/posts"}],"about":[{"href":"https:\/\/www.sistemas-catalunya.com\/ca\/wp-json\/wp\/v2\/types\/post"}],"author":[{"embeddable":true,"href":"https:\/\/www.sistemas-catalunya.com\/ca\/wp-json\/wp\/v2\/users\/7"}],"replies":[{"embeddable":true,"href":"https:\/\/www.sistemas-catalunya.com\/ca\/wp-json\/wp\/v2\/comments?post=244303"}],"version-history":[{"count":1,"href":"https:\/\/www.sistemas-catalunya.com\/ca\/wp-json\/wp\/v2\/posts\/244303\/revisions"}],"predecessor-version":[{"id":270054,"href":"https:\/\/www.sistemas-catalunya.com\/ca\/wp-json\/wp\/v2\/posts\/244303\/revisions\/270054"}],"wp:featuredmedia":[{"embeddable":true,"href":"https:\/\/www.sistemas-catalunya.com\/ca\/wp-json\/wp\/v2\/media\/244642"}],"wp:attachment":[{"href":"https:\/\/www.sistemas-catalunya.com\/ca\/wp-json\/wp\/v2\/media?parent=244303"}],"wp:term":[{"taxonomy":"category","embeddable":true,"href":"https:\/\/www.sistemas-catalunya.com\/ca\/wp-json\/wp\/v2\/categories?post=244303"},{"taxonomy":"post_tag","embeddable":true,"href":"https:\/\/www.sistemas-catalunya.com\/ca\/wp-json\/wp\/v2\/tags?post=244303"}],"curies":[{"name":"wp","href":"https:\/\/api.w.org\/{rel}","templated":true}]}}