{"id":244305,"date":"2018-02-14T00:00:00","date_gmt":"2018-02-13T23:00:00","guid":{"rendered":"https:\/\/www.sistemas-catalunya.com\/acords-de-collaboracio-professional\/"},"modified":"2021-02-02T10:37:40","modified_gmt":"2021-02-02T09:37:40","slug":"acords-de-collaboracio-professional","status":"publish","type":"post","link":"https:\/\/www.sistemas-catalunya.com\/ca\/acords-de-collaboracio-professional\/","title":{"rendered":"Acords de col\u00b7laboraci\u00f3 professional"},"content":{"rendered":"<div><strong>En el marc de les Jornades d&#8217;Impressi\u00f3 Professional, el Sr. Joan de Miguel, Director d&#8217;Operacions de Sistemas Digitales, va signar sengles acords de col\u00b7laboraci\u00f3 amb el Sr. Javier Calvo, Director General de TEL i el Sr. Francesc Navarro, Director Comercial d&#8217;OPQ Systems-Horizon.<\/strong><\/div>\n<div><\/div>\n<div>Durant les Sessions d&#8217;Impressi\u00f3 Professional que van tenir lloc a l&#8217;Escola Alguer\u00f3 el passat mes de novembre, Sistemas Digitales va tancar acords de col\u00b7laboraci\u00f3 amb dues de les companyies m\u00e9s prestigioses del sector de la maquin\u00e0ria auxiliar: TEL (Tecnolog\u00eda de Encapsulaci\u00f3n y Laminaci\u00f3n) i OPQ Systems-Horizon, fent que a Sistemas Digitales puguem ampliar la gamma de solucions professionals, i convertir-nos aix\u00ed en un soci tecnol\u00f2gic m\u00e9s eficient.<\/div>\n","protected":false},"excerpt":{"rendered":"<p>En el marc de les Jornades d&#8217;Impressi\u00f3 Professional, el Sr. Joan de Miguel, Director d&#8217;Operacions de Sistemas Digitales, va signar sengles acords de col\u00b7laboraci\u00f3 amb el Sr. Javier Calvo, Director General de TEL i el Sr. Francesc Navarro, Director Comercial d&#8217;OPQ Systems-Horizon. Durant les Sessions d&#8217;Impressi\u00f3 Professional que van tenir lloc a l&#8217;Escola Alguer\u00f3 el [&hellip;]<\/p>\n","protected":false},"author":7,"featured_media":244646,"comment_status":"open","ping_status":"open","sticky":false,"template":"","format":"standard","meta":{"_acf_changed":false,"footnotes":""},"categories":[2],"tags":[],"class_list":["post-244305","post","type-post","status-publish","format-standard","has-post-thumbnail","hentry","category-noticies-sistemas-digitales"],"acf":[],"yoast_head":"<!-- This site is optimized with the Yoast SEO plugin v27.4 - https:\/\/yoast.com\/product\/yoast-seo-wordpress\/ -->\n<title>Acords de col\u00b7laboraci\u00f3 professional - Sistemas Digitales<\/title>\n<meta name=\"robots\" content=\"index, follow, max-snippet:-1, max-image-preview:large, max-video-preview:-1\" \/>\n<link rel=\"canonical\" href=\"https:\/\/www.sistemas-catalunya.com\/ca\/acords-de-collaboracio-professional\/\" \/>\n<meta property=\"og:locale\" content=\"ca_ES\" \/>\n<meta property=\"og:type\" content=\"article\" \/>\n<meta property=\"og:title\" content=\"Acords de col\u00b7laboraci\u00f3 professional - Sistemas Digitales\" \/>\n<meta property=\"og:description\" content=\"En el marc de les Jornades d&#8217;Impressi\u00f3 Professional, el Sr. Joan de Miguel, Director d&#8217;Operacions de Sistemas Digitales, va signar sengles acords de col\u00b7laboraci\u00f3 amb el Sr. Javier Calvo, Director General de TEL i el Sr. Francesc Navarro, Director Comercial d&#8217;OPQ Systems-Horizon. Durant les Sessions d&#8217;Impressi\u00f3 Professional que van tenir lloc a l&#8217;Escola Alguer\u00f3 el [&hellip;]\" \/>\n<meta property=\"og:url\" content=\"https:\/\/www.sistemas-catalunya.com\/ca\/acords-de-collaboracio-professional\/\" \/>\n<meta property=\"og:site_name\" content=\"Sistemas Digitales\" \/>\n<meta property=\"article:published_time\" content=\"2018-02-13T23:00:00+00:00\" \/>\n<meta property=\"article:modified_time\" content=\"2021-02-02T09:37:40+00:00\" \/>\n<meta property=\"og:image\" content=\"https:\/\/www.sistemas-catalunya.com\/wp-content\/uploads\/2020\/11\/39.jpg\" \/>\n\t<meta property=\"og:image:width\" content=\"1280\" \/>\n\t<meta property=\"og:image:height\" content=\"720\" \/>\n\t<meta property=\"og:image:type\" content=\"image\/jpeg\" \/>\n<meta name=\"author\" content=\"Equipo Sistemas Digitales\" \/>\n<meta name=\"twitter:card\" content=\"summary_large_image\" \/>\n<meta name=\"twitter:label1\" content=\"Escrit per\" \/>\n\t<meta name=\"twitter:data1\" content=\"Equipo Sistemas Digitales\" \/>\n\t<meta name=\"twitter:label2\" content=\"Temps estimat de lectura\" \/>\n\t<meta name=\"twitter:data2\" content=\"1 minut\" \/>\n<script type=\"application\/ld+json\" class=\"yoast-schema-graph\">{\"@context\":\"https:\\\/\\\/schema.org\",\"@graph\":[{\"@type\":\"Article\",\"@id\":\"https:\\\/\\\/www.sistemas-catalunya.com\\\/ca\\\/acords-de-collaboracio-professional\\\/#article\",\"isPartOf\":{\"@id\":\"https:\\\/\\\/www.sistemas-catalunya.com\\\/ca\\\/acords-de-collaboracio-professional\\\/\"},\"author\":{\"name\":\"Equipo Sistemas Digitales\",\"@id\":\"https:\\\/\\\/www.sistemas-catalunya.com\\\/ca\\\/#\\\/schema\\\/person\\\/0e8685d60c5a2a9ea118a07de0f023eb\"},\"headline\":\"Acords de col\u00b7laboraci\u00f3 professional\",\"datePublished\":\"2018-02-13T23:00:00+00:00\",\"dateModified\":\"2021-02-02T09:37:40+00:00\",\"mainEntityOfPage\":{\"@id\":\"https:\\\/\\\/www.sistemas-catalunya.com\\\/ca\\\/acords-de-collaboracio-professional\\\/\"},\"wordCount\":128,\"commentCount\":0,\"image\":{\"@id\":\"https:\\\/\\\/www.sistemas-catalunya.com\\\/ca\\\/acords-de-collaboracio-professional\\\/#primaryimage\"},\"thumbnailUrl\":\"https:\\\/\\\/www.sistemas-catalunya.com\\\/wp-content\\\/uploads\\\/2020\\\/11\\\/39.jpg\",\"articleSection\":[\"Not\u00edcies Sistemas Digitales\"],\"inLanguage\":\"ca\",\"potentialAction\":[{\"@type\":\"CommentAction\",\"name\":\"Comment\",\"target\":[\"https:\\\/\\\/www.sistemas-catalunya.com\\\/ca\\\/acords-de-collaboracio-professional\\\/#respond\"]}]},{\"@type\":\"WebPage\",\"@id\":\"https:\\\/\\\/www.sistemas-catalunya.com\\\/ca\\\/acords-de-collaboracio-professional\\\/\",\"url\":\"https:\\\/\\\/www.sistemas-catalunya.com\\\/ca\\\/acords-de-collaboracio-professional\\\/\",\"name\":\"Acords de col\u00b7laboraci\u00f3 professional - Sistemas Digitales\",\"isPartOf\":{\"@id\":\"https:\\\/\\\/www.sistemas-catalunya.com\\\/ca\\\/#website\"},\"primaryImageOfPage\":{\"@id\":\"https:\\\/\\\/www.sistemas-catalunya.com\\\/ca\\\/acords-de-collaboracio-professional\\\/#primaryimage\"},\"image\":{\"@id\":\"https:\\\/\\\/www.sistemas-catalunya.com\\\/ca\\\/acords-de-collaboracio-professional\\\/#primaryimage\"},\"thumbnailUrl\":\"https:\\\/\\\/www.sistemas-catalunya.com\\\/wp-content\\\/uploads\\\/2020\\\/11\\\/39.jpg\",\"datePublished\":\"2018-02-13T23:00:00+00:00\",\"dateModified\":\"2021-02-02T09:37:40+00:00\",\"author\":{\"@id\":\"https:\\\/\\\/www.sistemas-catalunya.com\\\/ca\\\/#\\\/schema\\\/person\\\/0e8685d60c5a2a9ea118a07de0f023eb\"},\"breadcrumb\":{\"@id\":\"https:\\\/\\\/www.sistemas-catalunya.com\\\/ca\\\/acords-de-collaboracio-professional\\\/#breadcrumb\"},\"inLanguage\":\"ca\",\"potentialAction\":[{\"@type\":\"ReadAction\",\"target\":[\"https:\\\/\\\/www.sistemas-catalunya.com\\\/ca\\\/acords-de-collaboracio-professional\\\/\"]}]},{\"@type\":\"ImageObject\",\"inLanguage\":\"ca\",\"@id\":\"https:\\\/\\\/www.sistemas-catalunya.com\\\/ca\\\/acords-de-collaboracio-professional\\\/#primaryimage\",\"url\":\"https:\\\/\\\/www.sistemas-catalunya.com\\\/wp-content\\\/uploads\\\/2020\\\/11\\\/39.jpg\",\"contentUrl\":\"https:\\\/\\\/www.sistemas-catalunya.com\\\/wp-content\\\/uploads\\\/2020\\\/11\\\/39.jpg\",\"width\":1280,\"height\":720,\"caption\":\"39\"},{\"@type\":\"BreadcrumbList\",\"@id\":\"https:\\\/\\\/www.sistemas-catalunya.com\\\/ca\\\/acords-de-collaboracio-professional\\\/#breadcrumb\",\"itemListElement\":[{\"@type\":\"ListItem\",\"position\":1,\"name\":\"Sistemas Catalunya\",\"item\":\"https:\\\/\\\/www.sistemas-catalunya.com\\\/ca\\\/\"},{\"@type\":\"ListItem\",\"position\":2,\"name\":\"Acords de col\u00b7laboraci\u00f3 professional\"}]},{\"@type\":\"WebSite\",\"@id\":\"https:\\\/\\\/www.sistemas-catalunya.com\\\/ca\\\/#website\",\"url\":\"https:\\\/\\\/www.sistemas-catalunya.com\\\/ca\\\/\",\"name\":\"Sistemas Digitales\",\"description\":\"Renting de Impresoras y Fotocopiadoras ...\",\"potentialAction\":[{\"@type\":\"SearchAction\",\"target\":{\"@type\":\"EntryPoint\",\"urlTemplate\":\"https:\\\/\\\/www.sistemas-catalunya.com\\\/ca\\\/?s={search_term_string}\"},\"query-input\":{\"@type\":\"PropertyValueSpecification\",\"valueRequired\":true,\"valueName\":\"search_term_string\"}}],\"inLanguage\":\"ca\"},{\"@type\":\"Person\",\"@id\":\"https:\\\/\\\/www.sistemas-catalunya.com\\\/ca\\\/#\\\/schema\\\/person\\\/0e8685d60c5a2a9ea118a07de0f023eb\",\"name\":\"Equipo Sistemas Digitales\",\"image\":{\"@type\":\"ImageObject\",\"inLanguage\":\"ca\",\"@id\":\"https:\\\/\\\/secure.gravatar.com\\\/avatar\\\/ec335ddbf628e32b733bae25c902ee849b9b8e4b3ed348c566d53642133e8df7?s=96&d=mm&r=g\",\"url\":\"https:\\\/\\\/secure.gravatar.com\\\/avatar\\\/ec335ddbf628e32b733bae25c902ee849b9b8e4b3ed348c566d53642133e8df7?s=96&d=mm&r=g\",\"contentUrl\":\"https:\\\/\\\/secure.gravatar.com\\\/avatar\\\/ec335ddbf628e32b733bae25c902ee849b9b8e4b3ed348c566d53642133e8df7?s=96&d=mm&r=g\",\"caption\":\"Equipo Sistemas Digitales\"},\"description\":\"En Sistemas Catalunya ofrecemos alquiler de impresoras con soporte t\u00e9cnico y flexibilidad para actualizar equipos. Disfrute de calidad y un servicio al cliente excepcional.\"}]}<\/script>\n<!-- \/ Yoast SEO plugin. -->","yoast_head_json":{"title":"Acords de col\u00b7laboraci\u00f3 professional - Sistemas Digitales","robots":{"index":"index","follow":"follow","max-snippet":"max-snippet:-1","max-image-preview":"max-image-preview:large","max-video-preview":"max-video-preview:-1"},"canonical":"https:\/\/www.sistemas-catalunya.com\/ca\/acords-de-collaboracio-professional\/","og_locale":"ca_ES","og_type":"article","og_title":"Acords de col\u00b7laboraci\u00f3 professional - Sistemas Digitales","og_description":"En el marc de les Jornades d&#8217;Impressi\u00f3 Professional, el Sr. Joan de Miguel, Director d&#8217;Operacions de Sistemas Digitales, va signar sengles acords de col\u00b7laboraci\u00f3 amb el Sr. Javier Calvo, Director General de TEL i el Sr. Francesc Navarro, Director Comercial d&#8217;OPQ Systems-Horizon. Durant les Sessions d&#8217;Impressi\u00f3 Professional que van tenir lloc a l&#8217;Escola Alguer\u00f3 el [&hellip;]","og_url":"https:\/\/www.sistemas-catalunya.com\/ca\/acords-de-collaboracio-professional\/","og_site_name":"Sistemas Digitales","article_published_time":"2018-02-13T23:00:00+00:00","article_modified_time":"2021-02-02T09:37:40+00:00","og_image":[{"width":1280,"height":720,"url":"https:\/\/www.sistemas-catalunya.com\/wp-content\/uploads\/2020\/11\/39.jpg","type":"image\/jpeg"}],"author":"Equipo Sistemas Digitales","twitter_card":"summary_large_image","twitter_misc":{"Escrit per":"Equipo Sistemas Digitales","Temps estimat de lectura":"1 minut"},"schema":{"@context":"https:\/\/schema.org","@graph":[{"@type":"Article","@id":"https:\/\/www.sistemas-catalunya.com\/ca\/acords-de-collaboracio-professional\/#article","isPartOf":{"@id":"https:\/\/www.sistemas-catalunya.com\/ca\/acords-de-collaboracio-professional\/"},"author":{"name":"Equipo Sistemas Digitales","@id":"https:\/\/www.sistemas-catalunya.com\/ca\/#\/schema\/person\/0e8685d60c5a2a9ea118a07de0f023eb"},"headline":"Acords de col\u00b7laboraci\u00f3 professional","datePublished":"2018-02-13T23:00:00+00:00","dateModified":"2021-02-02T09:37:40+00:00","mainEntityOfPage":{"@id":"https:\/\/www.sistemas-catalunya.com\/ca\/acords-de-collaboracio-professional\/"},"wordCount":128,"commentCount":0,"image":{"@id":"https:\/\/www.sistemas-catalunya.com\/ca\/acords-de-collaboracio-professional\/#primaryimage"},"thumbnailUrl":"https:\/\/www.sistemas-catalunya.com\/wp-content\/uploads\/2020\/11\/39.jpg","articleSection":["Not\u00edcies Sistemas Digitales"],"inLanguage":"ca","potentialAction":[{"@type":"CommentAction","name":"Comment","target":["https:\/\/www.sistemas-catalunya.com\/ca\/acords-de-collaboracio-professional\/#respond"]}]},{"@type":"WebPage","@id":"https:\/\/www.sistemas-catalunya.com\/ca\/acords-de-collaboracio-professional\/","url":"https:\/\/www.sistemas-catalunya.com\/ca\/acords-de-collaboracio-professional\/","name":"Acords de col\u00b7laboraci\u00f3 professional - Sistemas Digitales","isPartOf":{"@id":"https:\/\/www.sistemas-catalunya.com\/ca\/#website"},"primaryImageOfPage":{"@id":"https:\/\/www.sistemas-catalunya.com\/ca\/acords-de-collaboracio-professional\/#primaryimage"},"image":{"@id":"https:\/\/www.sistemas-catalunya.com\/ca\/acords-de-collaboracio-professional\/#primaryimage"},"thumbnailUrl":"https:\/\/www.sistemas-catalunya.com\/wp-content\/uploads\/2020\/11\/39.jpg","datePublished":"2018-02-13T23:00:00+00:00","dateModified":"2021-02-02T09:37:40+00:00","author":{"@id":"https:\/\/www.sistemas-catalunya.com\/ca\/#\/schema\/person\/0e8685d60c5a2a9ea118a07de0f023eb"},"breadcrumb":{"@id":"https:\/\/www.sistemas-catalunya.com\/ca\/acords-de-collaboracio-professional\/#breadcrumb"},"inLanguage":"ca","potentialAction":[{"@type":"ReadAction","target":["https:\/\/www.sistemas-catalunya.com\/ca\/acords-de-collaboracio-professional\/"]}]},{"@type":"ImageObject","inLanguage":"ca","@id":"https:\/\/www.sistemas-catalunya.com\/ca\/acords-de-collaboracio-professional\/#primaryimage","url":"https:\/\/www.sistemas-catalunya.com\/wp-content\/uploads\/2020\/11\/39.jpg","contentUrl":"https:\/\/www.sistemas-catalunya.com\/wp-content\/uploads\/2020\/11\/39.jpg","width":1280,"height":720,"caption":"39"},{"@type":"BreadcrumbList","@id":"https:\/\/www.sistemas-catalunya.com\/ca\/acords-de-collaboracio-professional\/#breadcrumb","itemListElement":[{"@type":"ListItem","position":1,"name":"Sistemas Catalunya","item":"https:\/\/www.sistemas-catalunya.com\/ca\/"},{"@type":"ListItem","position":2,"name":"Acords de col\u00b7laboraci\u00f3 professional"}]},{"@type":"WebSite","@id":"https:\/\/www.sistemas-catalunya.com\/ca\/#website","url":"https:\/\/www.sistemas-catalunya.com\/ca\/","name":"Sistemas Digitales","description":"Renting de Impresoras y Fotocopiadoras ...","potentialAction":[{"@type":"SearchAction","target":{"@type":"EntryPoint","urlTemplate":"https:\/\/www.sistemas-catalunya.com\/ca\/?s={search_term_string}"},"query-input":{"@type":"PropertyValueSpecification","valueRequired":true,"valueName":"search_term_string"}}],"inLanguage":"ca"},{"@type":"Person","@id":"https:\/\/www.sistemas-catalunya.com\/ca\/#\/schema\/person\/0e8685d60c5a2a9ea118a07de0f023eb","name":"Equipo Sistemas Digitales","image":{"@type":"ImageObject","inLanguage":"ca","@id":"https:\/\/secure.gravatar.com\/avatar\/ec335ddbf628e32b733bae25c902ee849b9b8e4b3ed348c566d53642133e8df7?s=96&d=mm&r=g","url":"https:\/\/secure.gravatar.com\/avatar\/ec335ddbf628e32b733bae25c902ee849b9b8e4b3ed348c566d53642133e8df7?s=96&d=mm&r=g","contentUrl":"https:\/\/secure.gravatar.com\/avatar\/ec335ddbf628e32b733bae25c902ee849b9b8e4b3ed348c566d53642133e8df7?s=96&d=mm&r=g","caption":"Equipo Sistemas Digitales"},"description":"En Sistemas Catalunya ofrecemos alquiler de impresoras con soporte t\u00e9cnico y flexibilidad para actualizar equipos. Disfrute de calidad y un servicio al cliente excepcional."}]}},"_links":{"self":[{"href":"https:\/\/www.sistemas-catalunya.com\/ca\/wp-json\/wp\/v2\/posts\/244305","targetHints":{"allow":["GET"]}}],"collection":[{"href":"https:\/\/www.sistemas-catalunya.com\/ca\/wp-json\/wp\/v2\/posts"}],"about":[{"href":"https:\/\/www.sistemas-catalunya.com\/ca\/wp-json\/wp\/v2\/types\/post"}],"author":[{"embeddable":true,"href":"https:\/\/www.sistemas-catalunya.com\/ca\/wp-json\/wp\/v2\/users\/7"}],"replies":[{"embeddable":true,"href":"https:\/\/www.sistemas-catalunya.com\/ca\/wp-json\/wp\/v2\/comments?post=244305"}],"version-history":[{"count":0,"href":"https:\/\/www.sistemas-catalunya.com\/ca\/wp-json\/wp\/v2\/posts\/244305\/revisions"}],"wp:featuredmedia":[{"embeddable":true,"href":"https:\/\/www.sistemas-catalunya.com\/ca\/wp-json\/wp\/v2\/media\/244646"}],"wp:attachment":[{"href":"https:\/\/www.sistemas-catalunya.com\/ca\/wp-json\/wp\/v2\/media?parent=244305"}],"wp:term":[{"taxonomy":"category","embeddable":true,"href":"https:\/\/www.sistemas-catalunya.com\/ca\/wp-json\/wp\/v2\/categories?post=244305"},{"taxonomy":"post_tag","embeddable":true,"href":"https:\/\/www.sistemas-catalunya.com\/ca\/wp-json\/wp\/v2\/tags?post=244305"}],"curies":[{"name":"wp","href":"https:\/\/api.w.org\/{rel}","templated":true}]}}