{"id":244306,"date":"2017-07-11T00:00:00","date_gmt":"2017-07-10T23:00:00","guid":{"rendered":"https:\/\/www.sistemas-catalunya.com\/projectes-solidaris-2017\/"},"modified":"2021-02-02T10:53:10","modified_gmt":"2021-02-02T09:53:10","slug":"projectes-solidaris-2017","status":"publish","type":"post","link":"https:\/\/www.sistemas-catalunya.com\/ca\/projectes-solidaris-2017\/","title":{"rendered":"Projectes Solidaris 2017"},"content":{"rendered":"<p><strong>Un any m\u00e9s la Directora del Departament de Responsabilitat Social Corporativa de Sistemas Digitales, Elena Escorihuela, ha fet lliurament dels ajuts econ\u00f2mics a les diferents entitats seleccionades per aquest 2017.<\/strong><\/p>\n<ul>\n<li><strong>FUNDACI\u00d3 JOSEP CARRERAS, Barcelona.<\/strong><\/li>\n<\/ul>\n<p>La seva missi\u00f3 \u00e9s aconseguir que la leuc\u00e8mia sigui, algun dia, una malaltia 100% curable, per a tots i en tots els casos.<\/p>\n<p>&nbsp;<\/p>\n<ul>\n<li><strong>HOSPITAL SANT JOAN DE D\u00c9U TERRES DE LLEIDA, Lleida.<\/strong><\/li>\n<\/ul>\n<p>Assist\u00e8ncia a la salut mental infantojuvenil i d&#8217;adults, en col\u00b7laboraci\u00f3 amb els serveis sanitaris i els agents socials de les comarques de Lleida.<\/p>\n<p>&nbsp;<\/p>\n<ul>\n<li><strong>PROGRAMA D&#8217;ATENCI\u00d3 A PERSONES AMB DISCAPACITAT (Ajuntament de Reus), Tarragona.<\/strong><\/li>\n<\/ul>\n<p>El seu objectiu \u00e9s atendre, assessorar i orientar les persones amb discapacitat, les seves families, entitats i a tota la ciutadania. Tamb\u00e9 facilitar la participaci\u00f3 de les persones amb discapacitat en les activitats municipals.<\/p>\n<p>&nbsp;<\/p>\n<ul>\n<li><strong>FUNDACI\u00d3 PROIDE LA SALLE, Barcelona.<\/strong><\/li>\n<\/ul>\n<p>Des de 1992 treballen per garantir el dret a l&#8217;educaci\u00f3 a l&#8217;\u00c0frica i Am\u00e8rica Llatina, i promoure una educaci\u00f3 transformadora a Catalunya.<\/p>\n<p>&nbsp;<\/p>\n<ul>\n<li><strong>FUNDACI\u00d3 RESILIS, Girona.<\/strong><\/li>\n<\/ul>\n<p>Desenvolupen projectes i programes per a l&#8217;atenci\u00f3 integral de joves i infants en situaci\u00f3 de risc social o amb possibilitat de patir-lo.<\/p>\n<p>&nbsp;<\/p>\n<ul>\n<li><strong>FUNDACI\u00d3 MIGRA STUDIUM, Barcelona.<\/strong><\/li>\n<\/ul>\n<p>Treballen per als drets de les persones migrades m\u00e9s vulnerables i els seus fills\/es, a trav\u00e9s de l&#8217;acollida, la formaci\u00f3 i la incid\u00e8ncia pol\u00edtica.<\/p>\n","protected":false},"excerpt":{"rendered":"<p>Un any m\u00e9s la Directora del Departament de Responsabilitat Social Corporativa de Sistemas Digitales, Elena Escorihuela, ha fet lliurament dels ajuts econ\u00f2mics a les diferents entitats seleccionades per aquest 2017. FUNDACI\u00d3 JOSEP CARRERAS, Barcelona. La seva missi\u00f3 \u00e9s aconseguir que la leuc\u00e8mia sigui, algun dia, una malaltia 100% curable, per a tots i en tots [&hellip;]<\/p>\n","protected":false},"author":7,"featured_media":244935,"comment_status":"open","ping_status":"open","sticky":false,"template":"","format":"standard","meta":{"_acf_changed":false,"footnotes":""},"categories":[2],"tags":[],"class_list":["post-244306","post","type-post","status-publish","format-standard","has-post-thumbnail","hentry","category-noticies-sistemas-digitales"],"acf":[],"yoast_head":"<!-- This site is optimized with the Yoast SEO plugin v27.4 - https:\/\/yoast.com\/product\/yoast-seo-wordpress\/ -->\n<title>Projectes Solidaris 2017 - Sistemas Digitales<\/title>\n<meta name=\"robots\" content=\"index, follow, max-snippet:-1, max-image-preview:large, max-video-preview:-1\" \/>\n<link rel=\"canonical\" href=\"https:\/\/www.sistemas-catalunya.com\/ca\/projectes-solidaris-2017\/\" \/>\n<meta property=\"og:locale\" content=\"ca_ES\" \/>\n<meta property=\"og:type\" content=\"article\" \/>\n<meta property=\"og:title\" content=\"Projectes Solidaris 2017 - Sistemas Digitales\" \/>\n<meta property=\"og:description\" content=\"Un any m\u00e9s la Directora del Departament de Responsabilitat Social Corporativa de Sistemas Digitales, Elena Escorihuela, ha fet lliurament dels ajuts econ\u00f2mics a les diferents entitats seleccionades per aquest 2017. FUNDACI\u00d3 JOSEP CARRERAS, Barcelona. La seva missi\u00f3 \u00e9s aconseguir que la leuc\u00e8mia sigui, algun dia, una malaltia 100% curable, per a tots i en tots [&hellip;]\" \/>\n<meta property=\"og:url\" content=\"https:\/\/www.sistemas-catalunya.com\/ca\/projectes-solidaris-2017\/\" \/>\n<meta property=\"og:site_name\" content=\"Sistemas Digitales\" \/>\n<meta property=\"article:published_time\" content=\"2017-07-10T23:00:00+00:00\" \/>\n<meta property=\"article:modified_time\" content=\"2021-02-02T09:53:10+00:00\" \/>\n<meta property=\"og:image\" content=\"https:\/\/www.sistemas-catalunya.com\/wp-content\/uploads\/2017\/07\/proyectos-solidarios.jpg\" \/>\n\t<meta property=\"og:image:width\" content=\"1280\" \/>\n\t<meta property=\"og:image:height\" content=\"720\" \/>\n\t<meta property=\"og:image:type\" content=\"image\/png\" \/>\n<meta name=\"author\" content=\"Equipo Sistemas Digitales\" \/>\n<meta name=\"twitter:card\" content=\"summary_large_image\" \/>\n<meta name=\"twitter:label1\" content=\"Escrit per\" \/>\n\t<meta name=\"twitter:data1\" content=\"Equipo Sistemas Digitales\" \/>\n\t<meta name=\"twitter:label2\" content=\"Temps estimat de lectura\" \/>\n\t<meta name=\"twitter:data2\" content=\"1 minut\" \/>\n<script type=\"application\/ld+json\" class=\"yoast-schema-graph\">{\"@context\":\"https:\\\/\\\/schema.org\",\"@graph\":[{\"@type\":\"Article\",\"@id\":\"https:\\\/\\\/www.sistemas-catalunya.com\\\/ca\\\/projectes-solidaris-2017\\\/#article\",\"isPartOf\":{\"@id\":\"https:\\\/\\\/www.sistemas-catalunya.com\\\/ca\\\/projectes-solidaris-2017\\\/\"},\"author\":{\"name\":\"Equipo Sistemas Digitales\",\"@id\":\"https:\\\/\\\/www.sistemas-catalunya.com\\\/ca\\\/#\\\/schema\\\/person\\\/0e8685d60c5a2a9ea118a07de0f023eb\"},\"headline\":\"Projectes Solidaris 2017\",\"datePublished\":\"2017-07-10T23:00:00+00:00\",\"dateModified\":\"2021-02-02T09:53:10+00:00\",\"mainEntityOfPage\":{\"@id\":\"https:\\\/\\\/www.sistemas-catalunya.com\\\/ca\\\/projectes-solidaris-2017\\\/\"},\"wordCount\":235,\"commentCount\":0,\"image\":{\"@id\":\"https:\\\/\\\/www.sistemas-catalunya.com\\\/ca\\\/projectes-solidaris-2017\\\/#primaryimage\"},\"thumbnailUrl\":\"https:\\\/\\\/www.sistemas-catalunya.com\\\/wp-content\\\/uploads\\\/2017\\\/07\\\/proyectos-solidarios.jpg\",\"articleSection\":[\"Not\u00edcies Sistemas Digitales\"],\"inLanguage\":\"ca\",\"potentialAction\":[{\"@type\":\"CommentAction\",\"name\":\"Comment\",\"target\":[\"https:\\\/\\\/www.sistemas-catalunya.com\\\/ca\\\/projectes-solidaris-2017\\\/#respond\"]}]},{\"@type\":\"WebPage\",\"@id\":\"https:\\\/\\\/www.sistemas-catalunya.com\\\/ca\\\/projectes-solidaris-2017\\\/\",\"url\":\"https:\\\/\\\/www.sistemas-catalunya.com\\\/ca\\\/projectes-solidaris-2017\\\/\",\"name\":\"Projectes Solidaris 2017 - Sistemas Digitales\",\"isPartOf\":{\"@id\":\"https:\\\/\\\/www.sistemas-catalunya.com\\\/ca\\\/#website\"},\"primaryImageOfPage\":{\"@id\":\"https:\\\/\\\/www.sistemas-catalunya.com\\\/ca\\\/projectes-solidaris-2017\\\/#primaryimage\"},\"image\":{\"@id\":\"https:\\\/\\\/www.sistemas-catalunya.com\\\/ca\\\/projectes-solidaris-2017\\\/#primaryimage\"},\"thumbnailUrl\":\"https:\\\/\\\/www.sistemas-catalunya.com\\\/wp-content\\\/uploads\\\/2017\\\/07\\\/proyectos-solidarios.jpg\",\"datePublished\":\"2017-07-10T23:00:00+00:00\",\"dateModified\":\"2021-02-02T09:53:10+00:00\",\"author\":{\"@id\":\"https:\\\/\\\/www.sistemas-catalunya.com\\\/ca\\\/#\\\/schema\\\/person\\\/0e8685d60c5a2a9ea118a07de0f023eb\"},\"breadcrumb\":{\"@id\":\"https:\\\/\\\/www.sistemas-catalunya.com\\\/ca\\\/projectes-solidaris-2017\\\/#breadcrumb\"},\"inLanguage\":\"ca\",\"potentialAction\":[{\"@type\":\"ReadAction\",\"target\":[\"https:\\\/\\\/www.sistemas-catalunya.com\\\/ca\\\/projectes-solidaris-2017\\\/\"]}]},{\"@type\":\"ImageObject\",\"inLanguage\":\"ca\",\"@id\":\"https:\\\/\\\/www.sistemas-catalunya.com\\\/ca\\\/projectes-solidaris-2017\\\/#primaryimage\",\"url\":\"https:\\\/\\\/www.sistemas-catalunya.com\\\/wp-content\\\/uploads\\\/2017\\\/07\\\/proyectos-solidarios.jpg\",\"contentUrl\":\"https:\\\/\\\/www.sistemas-catalunya.com\\\/wp-content\\\/uploads\\\/2017\\\/07\\\/proyectos-solidarios.jpg\",\"width\":1280,\"height\":720,\"caption\":\"Dise\u00f1o sin t\u00edtulo (10)\"},{\"@type\":\"BreadcrumbList\",\"@id\":\"https:\\\/\\\/www.sistemas-catalunya.com\\\/ca\\\/projectes-solidaris-2017\\\/#breadcrumb\",\"itemListElement\":[{\"@type\":\"ListItem\",\"position\":1,\"name\":\"Sistemas Catalunya\",\"item\":\"https:\\\/\\\/www.sistemas-catalunya.com\\\/ca\\\/\"},{\"@type\":\"ListItem\",\"position\":2,\"name\":\"Projectes Solidaris 2017\"}]},{\"@type\":\"WebSite\",\"@id\":\"https:\\\/\\\/www.sistemas-catalunya.com\\\/ca\\\/#website\",\"url\":\"https:\\\/\\\/www.sistemas-catalunya.com\\\/ca\\\/\",\"name\":\"Sistemas Digitales\",\"description\":\"Renting de Impresoras y Fotocopiadoras ...\",\"potentialAction\":[{\"@type\":\"SearchAction\",\"target\":{\"@type\":\"EntryPoint\",\"urlTemplate\":\"https:\\\/\\\/www.sistemas-catalunya.com\\\/ca\\\/?s={search_term_string}\"},\"query-input\":{\"@type\":\"PropertyValueSpecification\",\"valueRequired\":true,\"valueName\":\"search_term_string\"}}],\"inLanguage\":\"ca\"},{\"@type\":\"Person\",\"@id\":\"https:\\\/\\\/www.sistemas-catalunya.com\\\/ca\\\/#\\\/schema\\\/person\\\/0e8685d60c5a2a9ea118a07de0f023eb\",\"name\":\"Equipo Sistemas Digitales\",\"image\":{\"@type\":\"ImageObject\",\"inLanguage\":\"ca\",\"@id\":\"https:\\\/\\\/secure.gravatar.com\\\/avatar\\\/ec335ddbf628e32b733bae25c902ee849b9b8e4b3ed348c566d53642133e8df7?s=96&d=mm&r=g\",\"url\":\"https:\\\/\\\/secure.gravatar.com\\\/avatar\\\/ec335ddbf628e32b733bae25c902ee849b9b8e4b3ed348c566d53642133e8df7?s=96&d=mm&r=g\",\"contentUrl\":\"https:\\\/\\\/secure.gravatar.com\\\/avatar\\\/ec335ddbf628e32b733bae25c902ee849b9b8e4b3ed348c566d53642133e8df7?s=96&d=mm&r=g\",\"caption\":\"Equipo Sistemas Digitales\"},\"description\":\"En Sistemas Catalunya ofrecemos alquiler de impresoras con soporte t\u00e9cnico y flexibilidad para actualizar equipos. Disfrute de calidad y un servicio al cliente excepcional.\"}]}<\/script>\n<!-- \/ Yoast SEO plugin. -->","yoast_head_json":{"title":"Projectes Solidaris 2017 - Sistemas Digitales","robots":{"index":"index","follow":"follow","max-snippet":"max-snippet:-1","max-image-preview":"max-image-preview:large","max-video-preview":"max-video-preview:-1"},"canonical":"https:\/\/www.sistemas-catalunya.com\/ca\/projectes-solidaris-2017\/","og_locale":"ca_ES","og_type":"article","og_title":"Projectes Solidaris 2017 - Sistemas Digitales","og_description":"Un any m\u00e9s la Directora del Departament de Responsabilitat Social Corporativa de Sistemas Digitales, Elena Escorihuela, ha fet lliurament dels ajuts econ\u00f2mics a les diferents entitats seleccionades per aquest 2017. FUNDACI\u00d3 JOSEP CARRERAS, Barcelona. La seva missi\u00f3 \u00e9s aconseguir que la leuc\u00e8mia sigui, algun dia, una malaltia 100% curable, per a tots i en tots [&hellip;]","og_url":"https:\/\/www.sistemas-catalunya.com\/ca\/projectes-solidaris-2017\/","og_site_name":"Sistemas Digitales","article_published_time":"2017-07-10T23:00:00+00:00","article_modified_time":"2021-02-02T09:53:10+00:00","og_image":[{"width":1280,"height":720,"url":"https:\/\/www.sistemas-catalunya.com\/wp-content\/uploads\/2017\/07\/proyectos-solidarios.jpg","type":"image\/png"}],"author":"Equipo Sistemas Digitales","twitter_card":"summary_large_image","twitter_misc":{"Escrit per":"Equipo Sistemas Digitales","Temps estimat de lectura":"1 minut"},"schema":{"@context":"https:\/\/schema.org","@graph":[{"@type":"Article","@id":"https:\/\/www.sistemas-catalunya.com\/ca\/projectes-solidaris-2017\/#article","isPartOf":{"@id":"https:\/\/www.sistemas-catalunya.com\/ca\/projectes-solidaris-2017\/"},"author":{"name":"Equipo Sistemas Digitales","@id":"https:\/\/www.sistemas-catalunya.com\/ca\/#\/schema\/person\/0e8685d60c5a2a9ea118a07de0f023eb"},"headline":"Projectes Solidaris 2017","datePublished":"2017-07-10T23:00:00+00:00","dateModified":"2021-02-02T09:53:10+00:00","mainEntityOfPage":{"@id":"https:\/\/www.sistemas-catalunya.com\/ca\/projectes-solidaris-2017\/"},"wordCount":235,"commentCount":0,"image":{"@id":"https:\/\/www.sistemas-catalunya.com\/ca\/projectes-solidaris-2017\/#primaryimage"},"thumbnailUrl":"https:\/\/www.sistemas-catalunya.com\/wp-content\/uploads\/2017\/07\/proyectos-solidarios.jpg","articleSection":["Not\u00edcies Sistemas Digitales"],"inLanguage":"ca","potentialAction":[{"@type":"CommentAction","name":"Comment","target":["https:\/\/www.sistemas-catalunya.com\/ca\/projectes-solidaris-2017\/#respond"]}]},{"@type":"WebPage","@id":"https:\/\/www.sistemas-catalunya.com\/ca\/projectes-solidaris-2017\/","url":"https:\/\/www.sistemas-catalunya.com\/ca\/projectes-solidaris-2017\/","name":"Projectes Solidaris 2017 - Sistemas Digitales","isPartOf":{"@id":"https:\/\/www.sistemas-catalunya.com\/ca\/#website"},"primaryImageOfPage":{"@id":"https:\/\/www.sistemas-catalunya.com\/ca\/projectes-solidaris-2017\/#primaryimage"},"image":{"@id":"https:\/\/www.sistemas-catalunya.com\/ca\/projectes-solidaris-2017\/#primaryimage"},"thumbnailUrl":"https:\/\/www.sistemas-catalunya.com\/wp-content\/uploads\/2017\/07\/proyectos-solidarios.jpg","datePublished":"2017-07-10T23:00:00+00:00","dateModified":"2021-02-02T09:53:10+00:00","author":{"@id":"https:\/\/www.sistemas-catalunya.com\/ca\/#\/schema\/person\/0e8685d60c5a2a9ea118a07de0f023eb"},"breadcrumb":{"@id":"https:\/\/www.sistemas-catalunya.com\/ca\/projectes-solidaris-2017\/#breadcrumb"},"inLanguage":"ca","potentialAction":[{"@type":"ReadAction","target":["https:\/\/www.sistemas-catalunya.com\/ca\/projectes-solidaris-2017\/"]}]},{"@type":"ImageObject","inLanguage":"ca","@id":"https:\/\/www.sistemas-catalunya.com\/ca\/projectes-solidaris-2017\/#primaryimage","url":"https:\/\/www.sistemas-catalunya.com\/wp-content\/uploads\/2017\/07\/proyectos-solidarios.jpg","contentUrl":"https:\/\/www.sistemas-catalunya.com\/wp-content\/uploads\/2017\/07\/proyectos-solidarios.jpg","width":1280,"height":720,"caption":"Dise\u00f1o sin t\u00edtulo (10)"},{"@type":"BreadcrumbList","@id":"https:\/\/www.sistemas-catalunya.com\/ca\/projectes-solidaris-2017\/#breadcrumb","itemListElement":[{"@type":"ListItem","position":1,"name":"Sistemas Catalunya","item":"https:\/\/www.sistemas-catalunya.com\/ca\/"},{"@type":"ListItem","position":2,"name":"Projectes Solidaris 2017"}]},{"@type":"WebSite","@id":"https:\/\/www.sistemas-catalunya.com\/ca\/#website","url":"https:\/\/www.sistemas-catalunya.com\/ca\/","name":"Sistemas Digitales","description":"Renting de Impresoras y Fotocopiadoras ...","potentialAction":[{"@type":"SearchAction","target":{"@type":"EntryPoint","urlTemplate":"https:\/\/www.sistemas-catalunya.com\/ca\/?s={search_term_string}"},"query-input":{"@type":"PropertyValueSpecification","valueRequired":true,"valueName":"search_term_string"}}],"inLanguage":"ca"},{"@type":"Person","@id":"https:\/\/www.sistemas-catalunya.com\/ca\/#\/schema\/person\/0e8685d60c5a2a9ea118a07de0f023eb","name":"Equipo Sistemas Digitales","image":{"@type":"ImageObject","inLanguage":"ca","@id":"https:\/\/secure.gravatar.com\/avatar\/ec335ddbf628e32b733bae25c902ee849b9b8e4b3ed348c566d53642133e8df7?s=96&d=mm&r=g","url":"https:\/\/secure.gravatar.com\/avatar\/ec335ddbf628e32b733bae25c902ee849b9b8e4b3ed348c566d53642133e8df7?s=96&d=mm&r=g","contentUrl":"https:\/\/secure.gravatar.com\/avatar\/ec335ddbf628e32b733bae25c902ee849b9b8e4b3ed348c566d53642133e8df7?s=96&d=mm&r=g","caption":"Equipo Sistemas Digitales"},"description":"En Sistemas Catalunya ofrecemos alquiler de impresoras con soporte t\u00e9cnico y flexibilidad para actualizar equipos. Disfrute de calidad y un servicio al cliente excepcional."}]}},"_links":{"self":[{"href":"https:\/\/www.sistemas-catalunya.com\/ca\/wp-json\/wp\/v2\/posts\/244306","targetHints":{"allow":["GET"]}}],"collection":[{"href":"https:\/\/www.sistemas-catalunya.com\/ca\/wp-json\/wp\/v2\/posts"}],"about":[{"href":"https:\/\/www.sistemas-catalunya.com\/ca\/wp-json\/wp\/v2\/types\/post"}],"author":[{"embeddable":true,"href":"https:\/\/www.sistemas-catalunya.com\/ca\/wp-json\/wp\/v2\/users\/7"}],"replies":[{"embeddable":true,"href":"https:\/\/www.sistemas-catalunya.com\/ca\/wp-json\/wp\/v2\/comments?post=244306"}],"version-history":[{"count":0,"href":"https:\/\/www.sistemas-catalunya.com\/ca\/wp-json\/wp\/v2\/posts\/244306\/revisions"}],"wp:featuredmedia":[{"embeddable":true,"href":"https:\/\/www.sistemas-catalunya.com\/ca\/wp-json\/wp\/v2\/media\/244935"}],"wp:attachment":[{"href":"https:\/\/www.sistemas-catalunya.com\/ca\/wp-json\/wp\/v2\/media?parent=244306"}],"wp:term":[{"taxonomy":"category","embeddable":true,"href":"https:\/\/www.sistemas-catalunya.com\/ca\/wp-json\/wp\/v2\/categories?post=244306"},{"taxonomy":"post_tag","embeddable":true,"href":"https:\/\/www.sistemas-catalunya.com\/ca\/wp-json\/wp\/v2\/tags?post=244306"}],"curies":[{"name":"wp","href":"https:\/\/api.w.org\/{rel}","templated":true}]}}