{"id":244314,"date":"2016-06-04T00:00:00","date_gmt":"2016-06-03T23:00:00","guid":{"rendered":"https:\/\/www.sistemas-catalunya.com\/sistemas-digitales-numero-1-del-lider-mundial\/"},"modified":"2025-07-20T16:45:26","modified_gmt":"2025-07-20T15:45:26","slug":"sistemas-digitales-numero-1-del-lider-mundial-4","status":"publish","type":"post","link":"https:\/\/www.sistemas-catalunya.com\/ca\/sistemas-digitales-numero-1-del-lider-mundial-4\/","title":{"rendered":"Sistemes Digitals, n\u00famero 1 del L\u00edder Mundial"},"content":{"rendered":"<p><strong>Per vuit\u00e8 any consecutiu hem tornat a ser premiats i reconeguts com el n\u00famero u en vendes i principal distribu\u00efdor de Ricoh a Espanya.<\/strong><\/p>\n<p> Des d&#8217;aqu\u00ed volem transmetre el nostre agra\u00efment a tots els nostres clients que any rere any segueixen dipositant la confian\u00e7a en Sistemes Digitals.<\/p>\n","protected":false},"excerpt":{"rendered":"<p>Per vuit\u00e8 any consecutiu hem tornat a ser premiats i reconeguts com el n\u00famero u en vendes i principal distribu\u00efdor de Ricoh a Espanya. Des d&#8217;aqu\u00ed volem transmetre el nostre agra\u00efment a tots els nostres clients que any rere any segueixen dipositant la confian\u00e7a en Sistemes Digitals.<\/p>\n","protected":false},"author":7,"featured_media":244660,"comment_status":"open","ping_status":"open","sticky":false,"template":"","format":"standard","meta":{"_acf_changed":false,"footnotes":""},"categories":[2],"tags":[],"class_list":["post-244314","post","type-post","status-publish","format-standard","has-post-thumbnail","hentry","category-noticies-sistemas-digitales"],"acf":[],"yoast_head":"<!-- This site is optimized with the Yoast SEO plugin v27.4 - https:\/\/yoast.com\/product\/yoast-seo-wordpress\/ -->\n<title>Sistemes Digitals, n\u00famero 1 del L\u00edder Mundial - Sistemas Digitales<\/title>\n<meta name=\"description\" content=\"Sistemes digitals \u00e9s el n\u00famero u en vendes i principal distribu\u00efdor de Ricoh a Espanya.\" \/>\n<meta name=\"robots\" content=\"index, follow, max-snippet:-1, max-image-preview:large, max-video-preview:-1\" \/>\n<link rel=\"canonical\" href=\"https:\/\/www.sistemas-catalunya.com\/ca\/sistemas-digitales-numero-1-del-lider-mundial-4\/\" \/>\n<meta property=\"og:locale\" content=\"ca_ES\" \/>\n<meta property=\"og:type\" content=\"article\" \/>\n<meta property=\"og:title\" content=\"Sistemes Digitals, n\u00famero 1 del L\u00edder Mundial - Sistemas Digitales\" \/>\n<meta property=\"og:description\" content=\"Sistemes digitals \u00e9s el n\u00famero u en vendes i principal distribu\u00efdor de Ricoh a Espanya.\" \/>\n<meta property=\"og:url\" content=\"https:\/\/www.sistemas-catalunya.com\/ca\/sistemas-digitales-numero-1-del-lider-mundial-4\/\" \/>\n<meta property=\"og:site_name\" content=\"Sistemas Digitales\" \/>\n<meta property=\"article:published_time\" content=\"2016-06-03T23:00:00+00:00\" \/>\n<meta property=\"article:modified_time\" content=\"2025-07-20T15:45:26+00:00\" \/>\n<meta property=\"og:image\" content=\"https:\/\/www.sistemas-catalunya.com\/wp-content\/uploads\/2020\/11\/46.jpg\" \/>\n\t<meta property=\"og:image:width\" content=\"1280\" \/>\n\t<meta property=\"og:image:height\" content=\"720\" \/>\n\t<meta property=\"og:image:type\" content=\"image\/jpeg\" \/>\n<meta name=\"author\" content=\"Equipo Sistemas Digitales\" \/>\n<meta name=\"twitter:card\" content=\"summary_large_image\" \/>\n<meta name=\"twitter:label1\" content=\"Escrit per\" \/>\n\t<meta name=\"twitter:data1\" content=\"Equipo Sistemas Digitales\" \/>\n\t<meta name=\"twitter:label2\" content=\"Temps estimat de lectura\" \/>\n\t<meta name=\"twitter:data2\" content=\"1 minut\" \/>\n<script type=\"application\/ld+json\" class=\"yoast-schema-graph\">{\"@context\":\"https:\\\/\\\/schema.org\",\"@graph\":[{\"@type\":\"Article\",\"@id\":\"https:\\\/\\\/www.sistemas-catalunya.com\\\/ca\\\/sistemas-digitales-numero-1-del-lider-mundial-4\\\/#article\",\"isPartOf\":{\"@id\":\"https:\\\/\\\/www.sistemas-catalunya.com\\\/ca\\\/sistemas-digitales-numero-1-del-lider-mundial-4\\\/\"},\"author\":{\"name\":\"Equipo Sistemas Digitales\",\"@id\":\"https:\\\/\\\/www.sistemas-catalunya.com\\\/ca\\\/#\\\/schema\\\/person\\\/0e8685d60c5a2a9ea118a07de0f023eb\"},\"headline\":\"Sistemes Digitals, n\u00famero 1 del L\u00edder Mundial\",\"datePublished\":\"2016-06-03T23:00:00+00:00\",\"dateModified\":\"2025-07-20T15:45:26+00:00\",\"mainEntityOfPage\":{\"@id\":\"https:\\\/\\\/www.sistemas-catalunya.com\\\/ca\\\/sistemas-digitales-numero-1-del-lider-mundial-4\\\/\"},\"wordCount\":60,\"commentCount\":0,\"image\":{\"@id\":\"https:\\\/\\\/www.sistemas-catalunya.com\\\/ca\\\/sistemas-digitales-numero-1-del-lider-mundial-4\\\/#primaryimage\"},\"thumbnailUrl\":\"https:\\\/\\\/www.sistemas-catalunya.com\\\/wp-content\\\/uploads\\\/2020\\\/11\\\/46.jpg\",\"articleSection\":[\"Not\u00edcies Sistemas Digitales\"],\"inLanguage\":\"ca\",\"potentialAction\":[{\"@type\":\"CommentAction\",\"name\":\"Comment\",\"target\":[\"https:\\\/\\\/www.sistemas-catalunya.com\\\/ca\\\/sistemas-digitales-numero-1-del-lider-mundial-4\\\/#respond\"]}]},{\"@type\":\"WebPage\",\"@id\":\"https:\\\/\\\/www.sistemas-catalunya.com\\\/ca\\\/sistemas-digitales-numero-1-del-lider-mundial-4\\\/\",\"url\":\"https:\\\/\\\/www.sistemas-catalunya.com\\\/ca\\\/sistemas-digitales-numero-1-del-lider-mundial-4\\\/\",\"name\":\"Sistemes Digitals, n\u00famero 1 del L\u00edder Mundial - Sistemas Digitales\",\"isPartOf\":{\"@id\":\"https:\\\/\\\/www.sistemas-catalunya.com\\\/ca\\\/#website\"},\"primaryImageOfPage\":{\"@id\":\"https:\\\/\\\/www.sistemas-catalunya.com\\\/ca\\\/sistemas-digitales-numero-1-del-lider-mundial-4\\\/#primaryimage\"},\"image\":{\"@id\":\"https:\\\/\\\/www.sistemas-catalunya.com\\\/ca\\\/sistemas-digitales-numero-1-del-lider-mundial-4\\\/#primaryimage\"},\"thumbnailUrl\":\"https:\\\/\\\/www.sistemas-catalunya.com\\\/wp-content\\\/uploads\\\/2020\\\/11\\\/46.jpg\",\"datePublished\":\"2016-06-03T23:00:00+00:00\",\"dateModified\":\"2025-07-20T15:45:26+00:00\",\"author\":{\"@id\":\"https:\\\/\\\/www.sistemas-catalunya.com\\\/ca\\\/#\\\/schema\\\/person\\\/0e8685d60c5a2a9ea118a07de0f023eb\"},\"description\":\"Sistemes digitals \u00e9s el n\u00famero u en vendes i principal distribu\u00efdor de Ricoh a Espanya.\",\"breadcrumb\":{\"@id\":\"https:\\\/\\\/www.sistemas-catalunya.com\\\/ca\\\/sistemas-digitales-numero-1-del-lider-mundial-4\\\/#breadcrumb\"},\"inLanguage\":\"ca\",\"potentialAction\":[{\"@type\":\"ReadAction\",\"target\":[\"https:\\\/\\\/www.sistemas-catalunya.com\\\/ca\\\/sistemas-digitales-numero-1-del-lider-mundial-4\\\/\"]}]},{\"@type\":\"ImageObject\",\"inLanguage\":\"ca\",\"@id\":\"https:\\\/\\\/www.sistemas-catalunya.com\\\/ca\\\/sistemas-digitales-numero-1-del-lider-mundial-4\\\/#primaryimage\",\"url\":\"https:\\\/\\\/www.sistemas-catalunya.com\\\/wp-content\\\/uploads\\\/2020\\\/11\\\/46.jpg\",\"contentUrl\":\"https:\\\/\\\/www.sistemas-catalunya.com\\\/wp-content\\\/uploads\\\/2020\\\/11\\\/46.jpg\",\"width\":1280,\"height\":720,\"caption\":\"46\"},{\"@type\":\"BreadcrumbList\",\"@id\":\"https:\\\/\\\/www.sistemas-catalunya.com\\\/ca\\\/sistemas-digitales-numero-1-del-lider-mundial-4\\\/#breadcrumb\",\"itemListElement\":[{\"@type\":\"ListItem\",\"position\":1,\"name\":\"Sistemas Catalunya\",\"item\":\"https:\\\/\\\/www.sistemas-catalunya.com\\\/ca\\\/\"},{\"@type\":\"ListItem\",\"position\":2,\"name\":\"Sistemes Digitals, n\u00famero 1 del L\u00edder Mundial\"}]},{\"@type\":\"WebSite\",\"@id\":\"https:\\\/\\\/www.sistemas-catalunya.com\\\/ca\\\/#website\",\"url\":\"https:\\\/\\\/www.sistemas-catalunya.com\\\/ca\\\/\",\"name\":\"Sistemas Digitales\",\"description\":\"Renting de Impresoras y Fotocopiadoras ...\",\"potentialAction\":[{\"@type\":\"SearchAction\",\"target\":{\"@type\":\"EntryPoint\",\"urlTemplate\":\"https:\\\/\\\/www.sistemas-catalunya.com\\\/ca\\\/?s={search_term_string}\"},\"query-input\":{\"@type\":\"PropertyValueSpecification\",\"valueRequired\":true,\"valueName\":\"search_term_string\"}}],\"inLanguage\":\"ca\"},{\"@type\":\"Person\",\"@id\":\"https:\\\/\\\/www.sistemas-catalunya.com\\\/ca\\\/#\\\/schema\\\/person\\\/0e8685d60c5a2a9ea118a07de0f023eb\",\"name\":\"Equipo Sistemas Digitales\",\"image\":{\"@type\":\"ImageObject\",\"inLanguage\":\"ca\",\"@id\":\"https:\\\/\\\/secure.gravatar.com\\\/avatar\\\/ec335ddbf628e32b733bae25c902ee849b9b8e4b3ed348c566d53642133e8df7?s=96&d=mm&r=g\",\"url\":\"https:\\\/\\\/secure.gravatar.com\\\/avatar\\\/ec335ddbf628e32b733bae25c902ee849b9b8e4b3ed348c566d53642133e8df7?s=96&d=mm&r=g\",\"contentUrl\":\"https:\\\/\\\/secure.gravatar.com\\\/avatar\\\/ec335ddbf628e32b733bae25c902ee849b9b8e4b3ed348c566d53642133e8df7?s=96&d=mm&r=g\",\"caption\":\"Equipo Sistemas Digitales\"},\"description\":\"En Sistemas Catalunya ofrecemos alquiler de impresoras con soporte t\u00e9cnico y flexibilidad para actualizar equipos. Disfrute de calidad y un servicio al cliente excepcional.\"}]}<\/script>\n<!-- \/ Yoast SEO plugin. -->","yoast_head_json":{"title":"Sistemes Digitals, n\u00famero 1 del L\u00edder Mundial - Sistemas Digitales","description":"Sistemes digitals \u00e9s el n\u00famero u en vendes i principal distribu\u00efdor de Ricoh a Espanya.","robots":{"index":"index","follow":"follow","max-snippet":"max-snippet:-1","max-image-preview":"max-image-preview:large","max-video-preview":"max-video-preview:-1"},"canonical":"https:\/\/www.sistemas-catalunya.com\/ca\/sistemas-digitales-numero-1-del-lider-mundial-4\/","og_locale":"ca_ES","og_type":"article","og_title":"Sistemes Digitals, n\u00famero 1 del L\u00edder Mundial - Sistemas Digitales","og_description":"Sistemes digitals \u00e9s el n\u00famero u en vendes i principal distribu\u00efdor de Ricoh a Espanya.","og_url":"https:\/\/www.sistemas-catalunya.com\/ca\/sistemas-digitales-numero-1-del-lider-mundial-4\/","og_site_name":"Sistemas Digitales","article_published_time":"2016-06-03T23:00:00+00:00","article_modified_time":"2025-07-20T15:45:26+00:00","og_image":[{"width":1280,"height":720,"url":"https:\/\/www.sistemas-catalunya.com\/wp-content\/uploads\/2020\/11\/46.jpg","type":"image\/jpeg"}],"author":"Equipo Sistemas Digitales","twitter_card":"summary_large_image","twitter_misc":{"Escrit per":"Equipo Sistemas Digitales","Temps estimat de lectura":"1 minut"},"schema":{"@context":"https:\/\/schema.org","@graph":[{"@type":"Article","@id":"https:\/\/www.sistemas-catalunya.com\/ca\/sistemas-digitales-numero-1-del-lider-mundial-4\/#article","isPartOf":{"@id":"https:\/\/www.sistemas-catalunya.com\/ca\/sistemas-digitales-numero-1-del-lider-mundial-4\/"},"author":{"name":"Equipo Sistemas Digitales","@id":"https:\/\/www.sistemas-catalunya.com\/ca\/#\/schema\/person\/0e8685d60c5a2a9ea118a07de0f023eb"},"headline":"Sistemes Digitals, n\u00famero 1 del L\u00edder Mundial","datePublished":"2016-06-03T23:00:00+00:00","dateModified":"2025-07-20T15:45:26+00:00","mainEntityOfPage":{"@id":"https:\/\/www.sistemas-catalunya.com\/ca\/sistemas-digitales-numero-1-del-lider-mundial-4\/"},"wordCount":60,"commentCount":0,"image":{"@id":"https:\/\/www.sistemas-catalunya.com\/ca\/sistemas-digitales-numero-1-del-lider-mundial-4\/#primaryimage"},"thumbnailUrl":"https:\/\/www.sistemas-catalunya.com\/wp-content\/uploads\/2020\/11\/46.jpg","articleSection":["Not\u00edcies Sistemas Digitales"],"inLanguage":"ca","potentialAction":[{"@type":"CommentAction","name":"Comment","target":["https:\/\/www.sistemas-catalunya.com\/ca\/sistemas-digitales-numero-1-del-lider-mundial-4\/#respond"]}]},{"@type":"WebPage","@id":"https:\/\/www.sistemas-catalunya.com\/ca\/sistemas-digitales-numero-1-del-lider-mundial-4\/","url":"https:\/\/www.sistemas-catalunya.com\/ca\/sistemas-digitales-numero-1-del-lider-mundial-4\/","name":"Sistemes Digitals, n\u00famero 1 del L\u00edder Mundial - Sistemas Digitales","isPartOf":{"@id":"https:\/\/www.sistemas-catalunya.com\/ca\/#website"},"primaryImageOfPage":{"@id":"https:\/\/www.sistemas-catalunya.com\/ca\/sistemas-digitales-numero-1-del-lider-mundial-4\/#primaryimage"},"image":{"@id":"https:\/\/www.sistemas-catalunya.com\/ca\/sistemas-digitales-numero-1-del-lider-mundial-4\/#primaryimage"},"thumbnailUrl":"https:\/\/www.sistemas-catalunya.com\/wp-content\/uploads\/2020\/11\/46.jpg","datePublished":"2016-06-03T23:00:00+00:00","dateModified":"2025-07-20T15:45:26+00:00","author":{"@id":"https:\/\/www.sistemas-catalunya.com\/ca\/#\/schema\/person\/0e8685d60c5a2a9ea118a07de0f023eb"},"description":"Sistemes digitals \u00e9s el n\u00famero u en vendes i principal distribu\u00efdor de Ricoh a Espanya.","breadcrumb":{"@id":"https:\/\/www.sistemas-catalunya.com\/ca\/sistemas-digitales-numero-1-del-lider-mundial-4\/#breadcrumb"},"inLanguage":"ca","potentialAction":[{"@type":"ReadAction","target":["https:\/\/www.sistemas-catalunya.com\/ca\/sistemas-digitales-numero-1-del-lider-mundial-4\/"]}]},{"@type":"ImageObject","inLanguage":"ca","@id":"https:\/\/www.sistemas-catalunya.com\/ca\/sistemas-digitales-numero-1-del-lider-mundial-4\/#primaryimage","url":"https:\/\/www.sistemas-catalunya.com\/wp-content\/uploads\/2020\/11\/46.jpg","contentUrl":"https:\/\/www.sistemas-catalunya.com\/wp-content\/uploads\/2020\/11\/46.jpg","width":1280,"height":720,"caption":"46"},{"@type":"BreadcrumbList","@id":"https:\/\/www.sistemas-catalunya.com\/ca\/sistemas-digitales-numero-1-del-lider-mundial-4\/#breadcrumb","itemListElement":[{"@type":"ListItem","position":1,"name":"Sistemas Catalunya","item":"https:\/\/www.sistemas-catalunya.com\/ca\/"},{"@type":"ListItem","position":2,"name":"Sistemes Digitals, n\u00famero 1 del L\u00edder Mundial"}]},{"@type":"WebSite","@id":"https:\/\/www.sistemas-catalunya.com\/ca\/#website","url":"https:\/\/www.sistemas-catalunya.com\/ca\/","name":"Sistemas Digitales","description":"Renting de Impresoras y Fotocopiadoras ...","potentialAction":[{"@type":"SearchAction","target":{"@type":"EntryPoint","urlTemplate":"https:\/\/www.sistemas-catalunya.com\/ca\/?s={search_term_string}"},"query-input":{"@type":"PropertyValueSpecification","valueRequired":true,"valueName":"search_term_string"}}],"inLanguage":"ca"},{"@type":"Person","@id":"https:\/\/www.sistemas-catalunya.com\/ca\/#\/schema\/person\/0e8685d60c5a2a9ea118a07de0f023eb","name":"Equipo Sistemas Digitales","image":{"@type":"ImageObject","inLanguage":"ca","@id":"https:\/\/secure.gravatar.com\/avatar\/ec335ddbf628e32b733bae25c902ee849b9b8e4b3ed348c566d53642133e8df7?s=96&d=mm&r=g","url":"https:\/\/secure.gravatar.com\/avatar\/ec335ddbf628e32b733bae25c902ee849b9b8e4b3ed348c566d53642133e8df7?s=96&d=mm&r=g","contentUrl":"https:\/\/secure.gravatar.com\/avatar\/ec335ddbf628e32b733bae25c902ee849b9b8e4b3ed348c566d53642133e8df7?s=96&d=mm&r=g","caption":"Equipo Sistemas Digitales"},"description":"En Sistemas Catalunya ofrecemos alquiler de impresoras con soporte t\u00e9cnico y flexibilidad para actualizar equipos. Disfrute de calidad y un servicio al cliente excepcional."}]}},"_links":{"self":[{"href":"https:\/\/www.sistemas-catalunya.com\/ca\/wp-json\/wp\/v2\/posts\/244314","targetHints":{"allow":["GET"]}}],"collection":[{"href":"https:\/\/www.sistemas-catalunya.com\/ca\/wp-json\/wp\/v2\/posts"}],"about":[{"href":"https:\/\/www.sistemas-catalunya.com\/ca\/wp-json\/wp\/v2\/types\/post"}],"author":[{"embeddable":true,"href":"https:\/\/www.sistemas-catalunya.com\/ca\/wp-json\/wp\/v2\/users\/7"}],"replies":[{"embeddable":true,"href":"https:\/\/www.sistemas-catalunya.com\/ca\/wp-json\/wp\/v2\/comments?post=244314"}],"version-history":[{"count":1,"href":"https:\/\/www.sistemas-catalunya.com\/ca\/wp-json\/wp\/v2\/posts\/244314\/revisions"}],"predecessor-version":[{"id":269980,"href":"https:\/\/www.sistemas-catalunya.com\/ca\/wp-json\/wp\/v2\/posts\/244314\/revisions\/269980"}],"wp:featuredmedia":[{"embeddable":true,"href":"https:\/\/www.sistemas-catalunya.com\/ca\/wp-json\/wp\/v2\/media\/244660"}],"wp:attachment":[{"href":"https:\/\/www.sistemas-catalunya.com\/ca\/wp-json\/wp\/v2\/media?parent=244314"}],"wp:term":[{"taxonomy":"category","embeddable":true,"href":"https:\/\/www.sistemas-catalunya.com\/ca\/wp-json\/wp\/v2\/categories?post=244314"},{"taxonomy":"post_tag","embeddable":true,"href":"https:\/\/www.sistemas-catalunya.com\/ca\/wp-json\/wp\/v2\/tags?post=244314"}],"curies":[{"name":"wp","href":"https:\/\/api.w.org\/{rel}","templated":true}]}}