{"id":244321,"date":"2018-10-16T00:00:00","date_gmt":"2018-10-15T23:00:00","guid":{"rendered":"https:\/\/www.sistemas-catalunya.com\/sistemas-digitales-celebra-el-seu-30e-aniversari-amb-tota-mena-de-luxes\/"},"modified":"2025-07-21T11:12:57","modified_gmt":"2025-07-21T10:12:57","slug":"sistemas-digitales-celebra-el-seu-30e-aniversari-amb-tota-mena-de-luxes","status":"publish","type":"post","link":"https:\/\/www.sistemas-catalunya.com\/ca\/sistemas-digitales-celebra-el-seu-30e-aniversari-amb-tota-mena-de-luxes\/","title":{"rendered":"Sistemes Digitals celebra el seu 30\u00e8 Aniversari amb magnific\u00e8ncia"},"content":{"rendered":"<p><strong>Els convidats se sorprenen amb aquest past\u00eds 3D en forma d&#8217;impressora.<\/strong><\/p>\n<p>La festa celebrada per Sistemes Digitals va reunir m\u00e9s de 180 persones entre empleats, col\u00b7laboradors i Partners que van poder gaudir del c\u00f2ctel i el sopar als distingits jardins de l&#8217; <span  class=\"ljoptimizer \" data-loc=\"aHR0cHM6Ly93d3cuZmFpcm1vbnQubXgvYmFyY2Vsb25hLw%3D%3D\" data-window=\"new\">Hotel Juan Carlos I<\/span> .<\/p>\n<p>El CEO i fundador de la Companyia, Jos\u00e9 Luis Beguer i la seva dona Elena Escorihuela, Directora de RSC, van ser els encarregats de bufar les 30 espelmes d&#8217;un past\u00eds a c\u00e0rrec de <span  class=\"ljoptimizer \" data-loc=\"aHR0cDovL3RlcmVzYW11bnRhbmUuY29tLw%3D%3D\" data-window=\"new\">Teresa Muntan\u00e9<\/span> que representava una emblem\u00e0tica copiadora multifuncional, ensenya de la casa. A la festa no va faltar m\u00fasica a c\u00e0rrec de <span  class=\"ljoptimizer \" data-loc=\"aHR0cDovL2xvc21hbm9sb3MuY2F0Lw%3D%3D\" data-window=\"new\">Los Manolos<\/span> que van donar curs a una nit de diversi\u00f3 i bon ambient. <\/p>\n<p>Sistemes Digitals va comen\u00e7ar a operar el 1988 i avui dia s&#8217;ha convertit en el distribu\u00efdor d&#8217;equips i solucions d&#8217;impressi\u00f3 de refer\u00e8ncia a Espanya i al l\u00edder de la marca <a href=\"https:\/\/www.ricoh.es\" target=\"_blank\" rel=\"noopener\">Ricoh<\/a> a Europa.<\/p>\n<p>En les seves paraules de benvinguda, Jos\u00e9 Luis Beguer va manifestar sentir-se molt satisfet del cam\u00ed recorregut: \u201cS\u00f3n molts els reptes superats i els objectius complerts i tenim la mateixa energia, inspiraci\u00f3 i entusiasme que quan comencem per seguir desenvolupant nous projectes. El que va comen\u00e7ar sent una empresa de 12 treballadors, avui \u00e9s una gran Companyia que ajuda a m\u00e9s de 17.000 clients m\u00e9s eficients&#8221;.<\/p>\n<p>El segle XXI marca una nova era de digitalitzaci\u00f3 en qu\u00e8 Sistemes Digitals t\u00e9 un paper rellevant com a col\u00b7laborador fonamental per a moltes Companyies.<\/p>\n","protected":false},"excerpt":{"rendered":"<p>Els convidats se sorprenen amb aquest past\u00eds 3D en forma d&#8217;impressora. La festa celebrada per Sistemes Digitals va reunir m\u00e9s de 180 persones entre empleats, col\u00b7laboradors i Partners que van poder gaudir del c\u00f2ctel i el sopar als distingits jardins de l&#8217; Hotel Juan Carlos I . El CEO i fundador de la Companyia, Jos\u00e9 [&hellip;]<\/p>\n","protected":false},"author":7,"featured_media":244634,"comment_status":"open","ping_status":"open","sticky":false,"template":"","format":"standard","meta":{"_acf_changed":false,"footnotes":""},"categories":[2],"tags":[],"class_list":["post-244321","post","type-post","status-publish","format-standard","has-post-thumbnail","hentry","category-noticies-sistemas-digitales"],"acf":[],"yoast_head":"<!-- This site is optimized with the Yoast SEO plugin v27.4 - https:\/\/yoast.com\/product\/yoast-seo-wordpress\/ -->\n<title>Sistemes Digitals celebra el seu 30\u00e8 Aniversari amb magnific\u00e8ncia - Sistemas Digitales<\/title>\n<meta name=\"description\" content=\"A la nova era de digitalitzaci\u00f3 Sistemes Digitals t\u00e9 un paper rellevant com a col\u00b7laborador fonamental per a moltes Companyies.\" \/>\n<meta name=\"robots\" content=\"index, follow, max-snippet:-1, max-image-preview:large, max-video-preview:-1\" \/>\n<link rel=\"canonical\" href=\"https:\/\/www.sistemas-catalunya.com\/ca\/sistemas-digitales-celebra-el-seu-30e-aniversari-amb-tota-mena-de-luxes\/\" \/>\n<meta property=\"og:locale\" content=\"ca_ES\" \/>\n<meta property=\"og:type\" content=\"article\" \/>\n<meta property=\"og:title\" content=\"Sistemes Digitals celebra el seu 30\u00e8 Aniversari amb magnific\u00e8ncia - Sistemas Digitales\" \/>\n<meta property=\"og:description\" content=\"A la nova era de digitalitzaci\u00f3 Sistemes Digitals t\u00e9 un paper rellevant com a col\u00b7laborador fonamental per a moltes Companyies.\" \/>\n<meta property=\"og:url\" content=\"https:\/\/www.sistemas-catalunya.com\/ca\/sistemas-digitales-celebra-el-seu-30e-aniversari-amb-tota-mena-de-luxes\/\" \/>\n<meta property=\"og:site_name\" content=\"Sistemas Digitales\" \/>\n<meta property=\"article:published_time\" content=\"2018-10-15T23:00:00+00:00\" \/>\n<meta property=\"article:modified_time\" content=\"2025-07-21T10:12:57+00:00\" \/>\n<meta property=\"og:image\" content=\"https:\/\/www.sistemas-catalunya.com\/wp-content\/uploads\/2020\/11\/30.jpg\" \/>\n\t<meta property=\"og:image:width\" content=\"1280\" \/>\n\t<meta property=\"og:image:height\" content=\"720\" \/>\n\t<meta property=\"og:image:type\" content=\"image\/jpeg\" \/>\n<meta name=\"author\" content=\"Equipo Sistemas Digitales\" \/>\n<meta name=\"twitter:card\" content=\"summary_large_image\" \/>\n<meta name=\"twitter:label1\" content=\"Escrit per\" \/>\n\t<meta name=\"twitter:data1\" content=\"Equipo Sistemas Digitales\" \/>\n\t<meta name=\"twitter:label2\" content=\"Temps estimat de lectura\" \/>\n\t<meta name=\"twitter:data2\" content=\"2 minuts\" \/>\n<script type=\"application\/ld+json\" class=\"yoast-schema-graph\">{\"@context\":\"https:\\\/\\\/schema.org\",\"@graph\":[{\"@type\":\"Article\",\"@id\":\"https:\\\/\\\/www.sistemas-catalunya.com\\\/ca\\\/sistemas-digitales-celebra-el-seu-30e-aniversari-amb-tota-mena-de-luxes\\\/#article\",\"isPartOf\":{\"@id\":\"https:\\\/\\\/www.sistemas-catalunya.com\\\/ca\\\/sistemas-digitales-celebra-el-seu-30e-aniversari-amb-tota-mena-de-luxes\\\/\"},\"author\":{\"name\":\"Equipo Sistemas Digitales\",\"@id\":\"https:\\\/\\\/www.sistemas-catalunya.com\\\/ca\\\/#\\\/schema\\\/person\\\/0e8685d60c5a2a9ea118a07de0f023eb\"},\"headline\":\"Sistemes Digitals celebra el seu 30\u00e8 Aniversari amb magnific\u00e8ncia\",\"datePublished\":\"2018-10-15T23:00:00+00:00\",\"dateModified\":\"2025-07-21T10:12:57+00:00\",\"mainEntityOfPage\":{\"@id\":\"https:\\\/\\\/www.sistemas-catalunya.com\\\/ca\\\/sistemas-digitales-celebra-el-seu-30e-aniversari-amb-tota-mena-de-luxes\\\/\"},\"wordCount\":266,\"commentCount\":0,\"image\":{\"@id\":\"https:\\\/\\\/www.sistemas-catalunya.com\\\/ca\\\/sistemas-digitales-celebra-el-seu-30e-aniversari-amb-tota-mena-de-luxes\\\/#primaryimage\"},\"thumbnailUrl\":\"https:\\\/\\\/www.sistemas-catalunya.com\\\/wp-content\\\/uploads\\\/2020\\\/11\\\/30.jpg\",\"articleSection\":[\"Not\u00edcies Sistemas Digitales\"],\"inLanguage\":\"ca\",\"potentialAction\":[{\"@type\":\"CommentAction\",\"name\":\"Comment\",\"target\":[\"https:\\\/\\\/www.sistemas-catalunya.com\\\/ca\\\/sistemas-digitales-celebra-el-seu-30e-aniversari-amb-tota-mena-de-luxes\\\/#respond\"]}]},{\"@type\":\"WebPage\",\"@id\":\"https:\\\/\\\/www.sistemas-catalunya.com\\\/ca\\\/sistemas-digitales-celebra-el-seu-30e-aniversari-amb-tota-mena-de-luxes\\\/\",\"url\":\"https:\\\/\\\/www.sistemas-catalunya.com\\\/ca\\\/sistemas-digitales-celebra-el-seu-30e-aniversari-amb-tota-mena-de-luxes\\\/\",\"name\":\"Sistemes Digitals celebra el seu 30\u00e8 Aniversari amb magnific\u00e8ncia - Sistemas Digitales\",\"isPartOf\":{\"@id\":\"https:\\\/\\\/www.sistemas-catalunya.com\\\/ca\\\/#website\"},\"primaryImageOfPage\":{\"@id\":\"https:\\\/\\\/www.sistemas-catalunya.com\\\/ca\\\/sistemas-digitales-celebra-el-seu-30e-aniversari-amb-tota-mena-de-luxes\\\/#primaryimage\"},\"image\":{\"@id\":\"https:\\\/\\\/www.sistemas-catalunya.com\\\/ca\\\/sistemas-digitales-celebra-el-seu-30e-aniversari-amb-tota-mena-de-luxes\\\/#primaryimage\"},\"thumbnailUrl\":\"https:\\\/\\\/www.sistemas-catalunya.com\\\/wp-content\\\/uploads\\\/2020\\\/11\\\/30.jpg\",\"datePublished\":\"2018-10-15T23:00:00+00:00\",\"dateModified\":\"2025-07-21T10:12:57+00:00\",\"author\":{\"@id\":\"https:\\\/\\\/www.sistemas-catalunya.com\\\/ca\\\/#\\\/schema\\\/person\\\/0e8685d60c5a2a9ea118a07de0f023eb\"},\"description\":\"A la nova era de digitalitzaci\u00f3 Sistemes Digitals t\u00e9 un paper rellevant com a col\u00b7laborador fonamental per a moltes Companyies.\",\"breadcrumb\":{\"@id\":\"https:\\\/\\\/www.sistemas-catalunya.com\\\/ca\\\/sistemas-digitales-celebra-el-seu-30e-aniversari-amb-tota-mena-de-luxes\\\/#breadcrumb\"},\"inLanguage\":\"ca\",\"potentialAction\":[{\"@type\":\"ReadAction\",\"target\":[\"https:\\\/\\\/www.sistemas-catalunya.com\\\/ca\\\/sistemas-digitales-celebra-el-seu-30e-aniversari-amb-tota-mena-de-luxes\\\/\"]}]},{\"@type\":\"ImageObject\",\"inLanguage\":\"ca\",\"@id\":\"https:\\\/\\\/www.sistemas-catalunya.com\\\/ca\\\/sistemas-digitales-celebra-el-seu-30e-aniversari-amb-tota-mena-de-luxes\\\/#primaryimage\",\"url\":\"https:\\\/\\\/www.sistemas-catalunya.com\\\/wp-content\\\/uploads\\\/2020\\\/11\\\/30.jpg\",\"contentUrl\":\"https:\\\/\\\/www.sistemas-catalunya.com\\\/wp-content\\\/uploads\\\/2020\\\/11\\\/30.jpg\",\"width\":1280,\"height\":720,\"caption\":\"30\"},{\"@type\":\"BreadcrumbList\",\"@id\":\"https:\\\/\\\/www.sistemas-catalunya.com\\\/ca\\\/sistemas-digitales-celebra-el-seu-30e-aniversari-amb-tota-mena-de-luxes\\\/#breadcrumb\",\"itemListElement\":[{\"@type\":\"ListItem\",\"position\":1,\"name\":\"Sistemas Catalunya\",\"item\":\"https:\\\/\\\/www.sistemas-catalunya.com\\\/ca\\\/\"},{\"@type\":\"ListItem\",\"position\":2,\"name\":\"Sistemes Digitals celebra el seu 30\u00e8 Aniversari amb magnific\u00e8ncia\"}]},{\"@type\":\"WebSite\",\"@id\":\"https:\\\/\\\/www.sistemas-catalunya.com\\\/ca\\\/#website\",\"url\":\"https:\\\/\\\/www.sistemas-catalunya.com\\\/ca\\\/\",\"name\":\"Sistemas Digitales\",\"description\":\"Renting de Impresoras y Fotocopiadoras ...\",\"potentialAction\":[{\"@type\":\"SearchAction\",\"target\":{\"@type\":\"EntryPoint\",\"urlTemplate\":\"https:\\\/\\\/www.sistemas-catalunya.com\\\/ca\\\/?s={search_term_string}\"},\"query-input\":{\"@type\":\"PropertyValueSpecification\",\"valueRequired\":true,\"valueName\":\"search_term_string\"}}],\"inLanguage\":\"ca\"},{\"@type\":\"Person\",\"@id\":\"https:\\\/\\\/www.sistemas-catalunya.com\\\/ca\\\/#\\\/schema\\\/person\\\/0e8685d60c5a2a9ea118a07de0f023eb\",\"name\":\"Equipo Sistemas Digitales\",\"image\":{\"@type\":\"ImageObject\",\"inLanguage\":\"ca\",\"@id\":\"https:\\\/\\\/secure.gravatar.com\\\/avatar\\\/ec335ddbf628e32b733bae25c902ee849b9b8e4b3ed348c566d53642133e8df7?s=96&d=mm&r=g\",\"url\":\"https:\\\/\\\/secure.gravatar.com\\\/avatar\\\/ec335ddbf628e32b733bae25c902ee849b9b8e4b3ed348c566d53642133e8df7?s=96&d=mm&r=g\",\"contentUrl\":\"https:\\\/\\\/secure.gravatar.com\\\/avatar\\\/ec335ddbf628e32b733bae25c902ee849b9b8e4b3ed348c566d53642133e8df7?s=96&d=mm&r=g\",\"caption\":\"Equipo Sistemas Digitales\"},\"description\":\"En Sistemas Catalunya ofrecemos alquiler de impresoras con soporte t\u00e9cnico y flexibilidad para actualizar equipos. Disfrute de calidad y un servicio al cliente excepcional.\"}]}<\/script>\n<!-- \/ Yoast SEO plugin. -->","yoast_head_json":{"title":"Sistemes Digitals celebra el seu 30\u00e8 Aniversari amb magnific\u00e8ncia - Sistemas Digitales","description":"A la nova era de digitalitzaci\u00f3 Sistemes Digitals t\u00e9 un paper rellevant com a col\u00b7laborador fonamental per a moltes Companyies.","robots":{"index":"index","follow":"follow","max-snippet":"max-snippet:-1","max-image-preview":"max-image-preview:large","max-video-preview":"max-video-preview:-1"},"canonical":"https:\/\/www.sistemas-catalunya.com\/ca\/sistemas-digitales-celebra-el-seu-30e-aniversari-amb-tota-mena-de-luxes\/","og_locale":"ca_ES","og_type":"article","og_title":"Sistemes Digitals celebra el seu 30\u00e8 Aniversari amb magnific\u00e8ncia - Sistemas Digitales","og_description":"A la nova era de digitalitzaci\u00f3 Sistemes Digitals t\u00e9 un paper rellevant com a col\u00b7laborador fonamental per a moltes Companyies.","og_url":"https:\/\/www.sistemas-catalunya.com\/ca\/sistemas-digitales-celebra-el-seu-30e-aniversari-amb-tota-mena-de-luxes\/","og_site_name":"Sistemas Digitales","article_published_time":"2018-10-15T23:00:00+00:00","article_modified_time":"2025-07-21T10:12:57+00:00","og_image":[{"width":1280,"height":720,"url":"https:\/\/www.sistemas-catalunya.com\/wp-content\/uploads\/2020\/11\/30.jpg","type":"image\/jpeg"}],"author":"Equipo Sistemas Digitales","twitter_card":"summary_large_image","twitter_misc":{"Escrit per":"Equipo Sistemas Digitales","Temps estimat de lectura":"2 minuts"},"schema":{"@context":"https:\/\/schema.org","@graph":[{"@type":"Article","@id":"https:\/\/www.sistemas-catalunya.com\/ca\/sistemas-digitales-celebra-el-seu-30e-aniversari-amb-tota-mena-de-luxes\/#article","isPartOf":{"@id":"https:\/\/www.sistemas-catalunya.com\/ca\/sistemas-digitales-celebra-el-seu-30e-aniversari-amb-tota-mena-de-luxes\/"},"author":{"name":"Equipo Sistemas Digitales","@id":"https:\/\/www.sistemas-catalunya.com\/ca\/#\/schema\/person\/0e8685d60c5a2a9ea118a07de0f023eb"},"headline":"Sistemes Digitals celebra el seu 30\u00e8 Aniversari amb magnific\u00e8ncia","datePublished":"2018-10-15T23:00:00+00:00","dateModified":"2025-07-21T10:12:57+00:00","mainEntityOfPage":{"@id":"https:\/\/www.sistemas-catalunya.com\/ca\/sistemas-digitales-celebra-el-seu-30e-aniversari-amb-tota-mena-de-luxes\/"},"wordCount":266,"commentCount":0,"image":{"@id":"https:\/\/www.sistemas-catalunya.com\/ca\/sistemas-digitales-celebra-el-seu-30e-aniversari-amb-tota-mena-de-luxes\/#primaryimage"},"thumbnailUrl":"https:\/\/www.sistemas-catalunya.com\/wp-content\/uploads\/2020\/11\/30.jpg","articleSection":["Not\u00edcies Sistemas Digitales"],"inLanguage":"ca","potentialAction":[{"@type":"CommentAction","name":"Comment","target":["https:\/\/www.sistemas-catalunya.com\/ca\/sistemas-digitales-celebra-el-seu-30e-aniversari-amb-tota-mena-de-luxes\/#respond"]}]},{"@type":"WebPage","@id":"https:\/\/www.sistemas-catalunya.com\/ca\/sistemas-digitales-celebra-el-seu-30e-aniversari-amb-tota-mena-de-luxes\/","url":"https:\/\/www.sistemas-catalunya.com\/ca\/sistemas-digitales-celebra-el-seu-30e-aniversari-amb-tota-mena-de-luxes\/","name":"Sistemes Digitals celebra el seu 30\u00e8 Aniversari amb magnific\u00e8ncia - Sistemas Digitales","isPartOf":{"@id":"https:\/\/www.sistemas-catalunya.com\/ca\/#website"},"primaryImageOfPage":{"@id":"https:\/\/www.sistemas-catalunya.com\/ca\/sistemas-digitales-celebra-el-seu-30e-aniversari-amb-tota-mena-de-luxes\/#primaryimage"},"image":{"@id":"https:\/\/www.sistemas-catalunya.com\/ca\/sistemas-digitales-celebra-el-seu-30e-aniversari-amb-tota-mena-de-luxes\/#primaryimage"},"thumbnailUrl":"https:\/\/www.sistemas-catalunya.com\/wp-content\/uploads\/2020\/11\/30.jpg","datePublished":"2018-10-15T23:00:00+00:00","dateModified":"2025-07-21T10:12:57+00:00","author":{"@id":"https:\/\/www.sistemas-catalunya.com\/ca\/#\/schema\/person\/0e8685d60c5a2a9ea118a07de0f023eb"},"description":"A la nova era de digitalitzaci\u00f3 Sistemes Digitals t\u00e9 un paper rellevant com a col\u00b7laborador fonamental per a moltes Companyies.","breadcrumb":{"@id":"https:\/\/www.sistemas-catalunya.com\/ca\/sistemas-digitales-celebra-el-seu-30e-aniversari-amb-tota-mena-de-luxes\/#breadcrumb"},"inLanguage":"ca","potentialAction":[{"@type":"ReadAction","target":["https:\/\/www.sistemas-catalunya.com\/ca\/sistemas-digitales-celebra-el-seu-30e-aniversari-amb-tota-mena-de-luxes\/"]}]},{"@type":"ImageObject","inLanguage":"ca","@id":"https:\/\/www.sistemas-catalunya.com\/ca\/sistemas-digitales-celebra-el-seu-30e-aniversari-amb-tota-mena-de-luxes\/#primaryimage","url":"https:\/\/www.sistemas-catalunya.com\/wp-content\/uploads\/2020\/11\/30.jpg","contentUrl":"https:\/\/www.sistemas-catalunya.com\/wp-content\/uploads\/2020\/11\/30.jpg","width":1280,"height":720,"caption":"30"},{"@type":"BreadcrumbList","@id":"https:\/\/www.sistemas-catalunya.com\/ca\/sistemas-digitales-celebra-el-seu-30e-aniversari-amb-tota-mena-de-luxes\/#breadcrumb","itemListElement":[{"@type":"ListItem","position":1,"name":"Sistemas Catalunya","item":"https:\/\/www.sistemas-catalunya.com\/ca\/"},{"@type":"ListItem","position":2,"name":"Sistemes Digitals celebra el seu 30\u00e8 Aniversari amb magnific\u00e8ncia"}]},{"@type":"WebSite","@id":"https:\/\/www.sistemas-catalunya.com\/ca\/#website","url":"https:\/\/www.sistemas-catalunya.com\/ca\/","name":"Sistemas Digitales","description":"Renting de Impresoras y Fotocopiadoras ...","potentialAction":[{"@type":"SearchAction","target":{"@type":"EntryPoint","urlTemplate":"https:\/\/www.sistemas-catalunya.com\/ca\/?s={search_term_string}"},"query-input":{"@type":"PropertyValueSpecification","valueRequired":true,"valueName":"search_term_string"}}],"inLanguage":"ca"},{"@type":"Person","@id":"https:\/\/www.sistemas-catalunya.com\/ca\/#\/schema\/person\/0e8685d60c5a2a9ea118a07de0f023eb","name":"Equipo Sistemas Digitales","image":{"@type":"ImageObject","inLanguage":"ca","@id":"https:\/\/secure.gravatar.com\/avatar\/ec335ddbf628e32b733bae25c902ee849b9b8e4b3ed348c566d53642133e8df7?s=96&d=mm&r=g","url":"https:\/\/secure.gravatar.com\/avatar\/ec335ddbf628e32b733bae25c902ee849b9b8e4b3ed348c566d53642133e8df7?s=96&d=mm&r=g","contentUrl":"https:\/\/secure.gravatar.com\/avatar\/ec335ddbf628e32b733bae25c902ee849b9b8e4b3ed348c566d53642133e8df7?s=96&d=mm&r=g","caption":"Equipo Sistemas Digitales"},"description":"En Sistemas Catalunya ofrecemos alquiler de impresoras con soporte t\u00e9cnico y flexibilidad para actualizar equipos. Disfrute de calidad y un servicio al cliente excepcional."}]}},"_links":{"self":[{"href":"https:\/\/www.sistemas-catalunya.com\/ca\/wp-json\/wp\/v2\/posts\/244321","targetHints":{"allow":["GET"]}}],"collection":[{"href":"https:\/\/www.sistemas-catalunya.com\/ca\/wp-json\/wp\/v2\/posts"}],"about":[{"href":"https:\/\/www.sistemas-catalunya.com\/ca\/wp-json\/wp\/v2\/types\/post"}],"author":[{"embeddable":true,"href":"https:\/\/www.sistemas-catalunya.com\/ca\/wp-json\/wp\/v2\/users\/7"}],"replies":[{"embeddable":true,"href":"https:\/\/www.sistemas-catalunya.com\/ca\/wp-json\/wp\/v2\/comments?post=244321"}],"version-history":[{"count":5,"href":"https:\/\/www.sistemas-catalunya.com\/ca\/wp-json\/wp\/v2\/posts\/244321\/revisions"}],"predecessor-version":[{"id":270070,"href":"https:\/\/www.sistemas-catalunya.com\/ca\/wp-json\/wp\/v2\/posts\/244321\/revisions\/270070"}],"wp:featuredmedia":[{"embeddable":true,"href":"https:\/\/www.sistemas-catalunya.com\/ca\/wp-json\/wp\/v2\/media\/244634"}],"wp:attachment":[{"href":"https:\/\/www.sistemas-catalunya.com\/ca\/wp-json\/wp\/v2\/media?parent=244321"}],"wp:term":[{"taxonomy":"category","embeddable":true,"href":"https:\/\/www.sistemas-catalunya.com\/ca\/wp-json\/wp\/v2\/categories?post=244321"},{"taxonomy":"post_tag","embeddable":true,"href":"https:\/\/www.sistemas-catalunya.com\/ca\/wp-json\/wp\/v2\/tags?post=244321"}],"curies":[{"name":"wp","href":"https:\/\/api.w.org\/{rel}","templated":true}]}}