{"id":244328,"date":"2019-03-15T00:00:00","date_gmt":"2019-03-14T23:00:00","guid":{"rendered":"https:\/\/www.sistemas-catalunya.com\/mes-projesctes-solidaris-el-nostre-0-7-es-per-a-ells\/"},"modified":"2025-07-21T11:12:56","modified_gmt":"2025-07-21T10:12:56","slug":"mes-projesctes-solidaris-el-nostre-0-7-es-per-a-ells","status":"publish","type":"post","link":"https:\/\/www.sistemas-catalunya.com\/ca\/mes-projesctes-solidaris-el-nostre-0-7-es-per-a-ells\/","title":{"rendered":"M\u00e9s Projectes Solidaris. El nostre 0,7% \u00e9s per a Ells"},"content":{"rendered":"<p><strong>El Departament de Responsabilitat Social Corporativa de Ricoh Sistemes Catalunya lliura les aportacions a les entitats socials designades per a l&#8217;exercici 2018.<\/strong><\/p>\n<p>Aquest mes hem fet entrega de la nostra contribuci\u00f3 als diferents projectes solidaris de les entitats amb qu\u00e8 hem col\u00b7laborat. En aquesta oportunitat han merescut la nostra menci\u00f3 pel seu esfor\u00e7, dedicaci\u00f3 i comprom\u00eds amb les persones m\u00e9s vulnerables a la nostra societat, per apostar en la formaci\u00f3 i ajudar els que tenen menys recursos per fer-ne un m\u00f3n millor, donant m\u00e9s oportunitats. <\/p>\n<p>Per tant, hem seleccionat les seg\u00fcents:<\/p>\n<p><strong><u>Fundaci\u00f3 Elena Barraquer  <\/u><\/strong><\/p>\n<p>Despr\u00e9s de 13 anys d&#8217;experi\u00e8ncia al programa de cooperaci\u00f3 internacional a la Fundaci\u00f3 Barraquer, la doctora Elena Barrraquer decideix fer un pas endavant en el seu comprom\u00eds per tornar la visi\u00f3 a persones sense recursos, cegues per cataractes i crea aquesta fundaci\u00f3 a la qual d\u00f3na nom, amb una oficina principal al barri de Sant Gervasi a Barcelona.<\/p>\n<p>Amb l&#8217;objectiu de donar una tasca assistencial i posar a disposici\u00f3 d&#8217;altres oftalm\u00f2legs les eines per ampliar el territori d&#8217;acci\u00f3 i tornar la visi\u00f3 al nombre m\u00e9s gran de persones.<\/p>\n<p><strong><u>Share the Light &#8211; Salesians Sarri\u00e0<\/u><\/strong><\/p>\n<p>Amb m\u00e9s de 130 anys d&#8217;experi\u00e8ncia, treballen per donar resposta a les necessitats educatives actuals dels joves, en un ambient familiar i amb un tracte proper i directe, per construir una relaci\u00f3 educativa de confian\u00e7a Ubicats al districte de Sarri\u00e0 a Barcelona \u00e9s un centre de refer\u00e8ncia tant al nostre territori com a Europa. <\/p>\n<p>El seu objectiu \u00e9s formar grans professionals i alhora persones aut\u00f2nomes i responsables de la seva feina.<\/p>\n<p>L&#8217;escola \u00e9s un espai educatiu privilegiat que vol anar molt m\u00e9s enll\u00e0 de la formaci\u00f3 acad\u00e8mica dels alumnes per aconseguir una educaci\u00f3 integral de la persona.<\/p>\n<p><strong><u>Fundaci\u00f3 Champagnat<\/u><\/strong><\/p>\n<p>El prop\u00f2sit d&#8217;aquesta fundaci\u00f3 \u00e9s permetre desenvolupar un estil marista, fidel als seus or\u00edgens i d&#8217;acord amb el car\u00e0cter visionari, emprenedor i transformador del seu fundador Marcel\u00b7l\u00ed Champagnat.<\/p>\n<p>Compten amb nou seus per tot el territori catal\u00e0, entre les quals hi ha les poblacions de Barcelona, Matar\u00f3, Badalona, Girona, Lleida. Sobretot, busquen un impacte positiu de les seves iniciatives i s&#8217;asseguren que ajuden a construir una societat m\u00e9s humana, m\u00e9s justa, m\u00e9s \u00e8tica i m\u00e9s solid\u00e0ria. <\/p>\n<p><strong><u>Fundaci\u00f3 Itaka Escolapis<\/u><\/strong><\/p>\n<p>Una fundaci\u00f3 creada i impulsada per l&#8217;Ordre religiosa de les Escoles Pies i les Fraternitats Escol\u00e0pies. Amb seu a Pamplona, tamb\u00e9 forma part d&#8217;aquesta gran xarxa moltes altres prov\u00edncies d&#8217;Espanya i fraternitats a nivell internacional per generar m\u00e9s abast de cooperaci\u00f3. <\/p>\n<p>Aposten per l&#8217;educaci\u00f3 de les persones m\u00e9s desafavorides com la millor manera de transformar el m\u00f3n i de preparar un dem\u00e0 millor, fent que les noves generacions aportin el millor de si mateixos.<\/p>\n<p><strong><u>Sant Joan de D\u00e9u de Lleida<\/u><\/strong><\/p>\n<p>L&#8217;hospital de Salut Mental Terres de Lleida de l&#8217;Ordre Hospital\u00e0ria Sant Joan de D\u00e9u es troba a la zona de les Terres de l&#8217;Ebre. Es basen en un model de rehabilitaci\u00f3 psicosocial inclusiu, proactiu, personalitzat i multidisciplinari.  <\/p>\n<p>&nbsp;<\/p>\n<p>Per motiu d&#8217;aquests pensaments i el nivell de comprom\u00eds que les diferents entitats tenen amb les persones que recolzen fan que la seva visi\u00f3 ens ajudi a canviar el m\u00f3n, i aix\u00ed que els diferents \u00e0mbits de la nostra societat funcionin millor. Gr\u00e0cies a la fidelitat dels nostres clients podem dur a terme totes aquestes accions solid\u00e0ries i sabem que el treball en equip \u00e9s la millor eina per aconseguir un objectiu en com\u00fa, ells ho tenen clar i m\u00e9s encara quan vol dir ajudar altres persones. Que els seus objectius, projectes i visi\u00f3 siguin un exemple per progressar en tots els sentits com ho diuen ells mateixos.  <\/p>\n<p>Aquestes entitats pensen i treballen per als altres, nosaltres Ricoh Sistemes Catalunya ens hi unim perqu\u00e8 els seus projectes segueixin endavant. Gr\u00e0cies per la vostra tasca, seguirem buscant col\u00b7laborar amb aquells que donen la m\u00e0 als altres. <\/p>\n<p>&nbsp;<\/p>\n<p>&nbsp;<\/p>\n","protected":false},"excerpt":{"rendered":"<p>El Departament de Responsabilitat Social Corporativa de Ricoh Sistemes Catalunya lliura les aportacions a les entitats socials designades per a l&#8217;exercici 2018. Aquest mes hem fet entrega de la nostra contribuci\u00f3 als diferents projectes solidaris de les entitats amb qu\u00e8 hem col\u00b7laborat. En aquesta oportunitat han merescut la nostra menci\u00f3 pel seu esfor\u00e7, dedicaci\u00f3 i [&hellip;]<\/p>\n","protected":false},"author":7,"featured_media":244626,"comment_status":"open","ping_status":"open","sticky":false,"template":"","format":"standard","meta":{"_acf_changed":false,"footnotes":""},"categories":[2],"tags":[],"class_list":["post-244328","post","type-post","status-publish","format-standard","has-post-thumbnail","hentry","category-noticies-sistemas-digitales"],"acf":[],"yoast_head":"<!-- This site is optimized with the Yoast SEO plugin v27.4 - https:\/\/yoast.com\/product\/yoast-seo-wordpress\/ -->\n<title>M\u00e9s Projectes Solidaris. El nostre 0,7% \u00e9s per a Ells - Sistemas Digitales<\/title>\n<meta name=\"description\" content=\"El Departament de Responsabilitat Social Corporativa de Ricoh Sistemes Catalunya lliura les aportacions a les entitats socials.\" \/>\n<meta name=\"robots\" content=\"index, follow, max-snippet:-1, max-image-preview:large, max-video-preview:-1\" \/>\n<link rel=\"canonical\" href=\"https:\/\/www.sistemas-catalunya.com\/ca\/mes-projesctes-solidaris-el-nostre-0-7-es-per-a-ells\/\" \/>\n<meta property=\"og:locale\" content=\"ca_ES\" \/>\n<meta property=\"og:type\" content=\"article\" \/>\n<meta property=\"og:title\" content=\"M\u00e9s Projectes Solidaris. El nostre 0,7% \u00e9s per a Ells - Sistemas Digitales\" \/>\n<meta property=\"og:description\" content=\"El Departament de Responsabilitat Social Corporativa de Ricoh Sistemes Catalunya lliura les aportacions a les entitats socials.\" \/>\n<meta property=\"og:url\" content=\"https:\/\/www.sistemas-catalunya.com\/ca\/mes-projesctes-solidaris-el-nostre-0-7-es-per-a-ells\/\" \/>\n<meta property=\"og:site_name\" content=\"Sistemas Digitales\" \/>\n<meta property=\"article:published_time\" content=\"2019-03-14T23:00:00+00:00\" \/>\n<meta property=\"article:modified_time\" content=\"2025-07-21T10:12:56+00:00\" \/>\n<meta property=\"og:image\" content=\"https:\/\/www.sistemas-catalunya.com\/wp-content\/uploads\/2020\/11\/23.jpg\" \/>\n\t<meta property=\"og:image:width\" content=\"1280\" \/>\n\t<meta property=\"og:image:height\" content=\"720\" \/>\n\t<meta property=\"og:image:type\" content=\"image\/jpeg\" \/>\n<meta name=\"author\" content=\"Equipo Sistemas Digitales\" \/>\n<meta name=\"twitter:card\" content=\"summary_large_image\" \/>\n<meta name=\"twitter:label1\" content=\"Escrit per\" \/>\n\t<meta name=\"twitter:data1\" content=\"Equipo Sistemas Digitales\" \/>\n\t<meta name=\"twitter:label2\" content=\"Temps estimat de lectura\" \/>\n\t<meta name=\"twitter:data2\" content=\"4 minuts\" \/>\n<script type=\"application\/ld+json\" class=\"yoast-schema-graph\">{\"@context\":\"https:\\\/\\\/schema.org\",\"@graph\":[{\"@type\":\"Article\",\"@id\":\"https:\\\/\\\/www.sistemas-catalunya.com\\\/ca\\\/mes-projesctes-solidaris-el-nostre-0-7-es-per-a-ells\\\/#article\",\"isPartOf\":{\"@id\":\"https:\\\/\\\/www.sistemas-catalunya.com\\\/ca\\\/mes-projesctes-solidaris-el-nostre-0-7-es-per-a-ells\\\/\"},\"author\":{\"name\":\"Equipo Sistemas Digitales\",\"@id\":\"https:\\\/\\\/www.sistemas-catalunya.com\\\/ca\\\/#\\\/schema\\\/person\\\/0e8685d60c5a2a9ea118a07de0f023eb\"},\"headline\":\"M\u00e9s Projectes Solidaris. El nostre 0,7% \u00e9s per a Ells\",\"datePublished\":\"2019-03-14T23:00:00+00:00\",\"dateModified\":\"2025-07-21T10:12:56+00:00\",\"mainEntityOfPage\":{\"@id\":\"https:\\\/\\\/www.sistemas-catalunya.com\\\/ca\\\/mes-projesctes-solidaris-el-nostre-0-7-es-per-a-ells\\\/\"},\"wordCount\":699,\"commentCount\":0,\"image\":{\"@id\":\"https:\\\/\\\/www.sistemas-catalunya.com\\\/ca\\\/mes-projesctes-solidaris-el-nostre-0-7-es-per-a-ells\\\/#primaryimage\"},\"thumbnailUrl\":\"https:\\\/\\\/www.sistemas-catalunya.com\\\/wp-content\\\/uploads\\\/2020\\\/11\\\/23.jpg\",\"articleSection\":[\"Not\u00edcies Sistemas Digitales\"],\"inLanguage\":\"ca\",\"potentialAction\":[{\"@type\":\"CommentAction\",\"name\":\"Comment\",\"target\":[\"https:\\\/\\\/www.sistemas-catalunya.com\\\/ca\\\/mes-projesctes-solidaris-el-nostre-0-7-es-per-a-ells\\\/#respond\"]}]},{\"@type\":\"WebPage\",\"@id\":\"https:\\\/\\\/www.sistemas-catalunya.com\\\/ca\\\/mes-projesctes-solidaris-el-nostre-0-7-es-per-a-ells\\\/\",\"url\":\"https:\\\/\\\/www.sistemas-catalunya.com\\\/ca\\\/mes-projesctes-solidaris-el-nostre-0-7-es-per-a-ells\\\/\",\"name\":\"M\u00e9s Projectes Solidaris. El nostre 0,7% \u00e9s per a Ells - Sistemas Digitales\",\"isPartOf\":{\"@id\":\"https:\\\/\\\/www.sistemas-catalunya.com\\\/ca\\\/#website\"},\"primaryImageOfPage\":{\"@id\":\"https:\\\/\\\/www.sistemas-catalunya.com\\\/ca\\\/mes-projesctes-solidaris-el-nostre-0-7-es-per-a-ells\\\/#primaryimage\"},\"image\":{\"@id\":\"https:\\\/\\\/www.sistemas-catalunya.com\\\/ca\\\/mes-projesctes-solidaris-el-nostre-0-7-es-per-a-ells\\\/#primaryimage\"},\"thumbnailUrl\":\"https:\\\/\\\/www.sistemas-catalunya.com\\\/wp-content\\\/uploads\\\/2020\\\/11\\\/23.jpg\",\"datePublished\":\"2019-03-14T23:00:00+00:00\",\"dateModified\":\"2025-07-21T10:12:56+00:00\",\"author\":{\"@id\":\"https:\\\/\\\/www.sistemas-catalunya.com\\\/ca\\\/#\\\/schema\\\/person\\\/0e8685d60c5a2a9ea118a07de0f023eb\"},\"description\":\"El Departament de Responsabilitat Social Corporativa de Ricoh Sistemes Catalunya lliura les aportacions a les entitats socials.\",\"breadcrumb\":{\"@id\":\"https:\\\/\\\/www.sistemas-catalunya.com\\\/ca\\\/mes-projesctes-solidaris-el-nostre-0-7-es-per-a-ells\\\/#breadcrumb\"},\"inLanguage\":\"ca\",\"potentialAction\":[{\"@type\":\"ReadAction\",\"target\":[\"https:\\\/\\\/www.sistemas-catalunya.com\\\/ca\\\/mes-projesctes-solidaris-el-nostre-0-7-es-per-a-ells\\\/\"]}]},{\"@type\":\"ImageObject\",\"inLanguage\":\"ca\",\"@id\":\"https:\\\/\\\/www.sistemas-catalunya.com\\\/ca\\\/mes-projesctes-solidaris-el-nostre-0-7-es-per-a-ells\\\/#primaryimage\",\"url\":\"https:\\\/\\\/www.sistemas-catalunya.com\\\/wp-content\\\/uploads\\\/2020\\\/11\\\/23.jpg\",\"contentUrl\":\"https:\\\/\\\/www.sistemas-catalunya.com\\\/wp-content\\\/uploads\\\/2020\\\/11\\\/23.jpg\",\"width\":1280,\"height\":720,\"caption\":\"23\"},{\"@type\":\"BreadcrumbList\",\"@id\":\"https:\\\/\\\/www.sistemas-catalunya.com\\\/ca\\\/mes-projesctes-solidaris-el-nostre-0-7-es-per-a-ells\\\/#breadcrumb\",\"itemListElement\":[{\"@type\":\"ListItem\",\"position\":1,\"name\":\"Sistemas Catalunya\",\"item\":\"https:\\\/\\\/www.sistemas-catalunya.com\\\/ca\\\/\"},{\"@type\":\"ListItem\",\"position\":2,\"name\":\"M\u00e9s Projectes Solidaris. El nostre 0,7% \u00e9s per a Ells\"}]},{\"@type\":\"WebSite\",\"@id\":\"https:\\\/\\\/www.sistemas-catalunya.com\\\/ca\\\/#website\",\"url\":\"https:\\\/\\\/www.sistemas-catalunya.com\\\/ca\\\/\",\"name\":\"Sistemas Digitales\",\"description\":\"Renting de Impresoras y Fotocopiadoras ...\",\"potentialAction\":[{\"@type\":\"SearchAction\",\"target\":{\"@type\":\"EntryPoint\",\"urlTemplate\":\"https:\\\/\\\/www.sistemas-catalunya.com\\\/ca\\\/?s={search_term_string}\"},\"query-input\":{\"@type\":\"PropertyValueSpecification\",\"valueRequired\":true,\"valueName\":\"search_term_string\"}}],\"inLanguage\":\"ca\"},{\"@type\":\"Person\",\"@id\":\"https:\\\/\\\/www.sistemas-catalunya.com\\\/ca\\\/#\\\/schema\\\/person\\\/0e8685d60c5a2a9ea118a07de0f023eb\",\"name\":\"Equipo Sistemas Digitales\",\"image\":{\"@type\":\"ImageObject\",\"inLanguage\":\"ca\",\"@id\":\"https:\\\/\\\/secure.gravatar.com\\\/avatar\\\/ec335ddbf628e32b733bae25c902ee849b9b8e4b3ed348c566d53642133e8df7?s=96&d=mm&r=g\",\"url\":\"https:\\\/\\\/secure.gravatar.com\\\/avatar\\\/ec335ddbf628e32b733bae25c902ee849b9b8e4b3ed348c566d53642133e8df7?s=96&d=mm&r=g\",\"contentUrl\":\"https:\\\/\\\/secure.gravatar.com\\\/avatar\\\/ec335ddbf628e32b733bae25c902ee849b9b8e4b3ed348c566d53642133e8df7?s=96&d=mm&r=g\",\"caption\":\"Equipo Sistemas Digitales\"},\"description\":\"En Sistemas Catalunya ofrecemos alquiler de impresoras con soporte t\u00e9cnico y flexibilidad para actualizar equipos. Disfrute de calidad y un servicio al cliente excepcional.\"}]}<\/script>\n<!-- \/ Yoast SEO plugin. -->","yoast_head_json":{"title":"M\u00e9s Projectes Solidaris. El nostre 0,7% \u00e9s per a Ells - Sistemas Digitales","description":"El Departament de Responsabilitat Social Corporativa de Ricoh Sistemes Catalunya lliura les aportacions a les entitats socials.","robots":{"index":"index","follow":"follow","max-snippet":"max-snippet:-1","max-image-preview":"max-image-preview:large","max-video-preview":"max-video-preview:-1"},"canonical":"https:\/\/www.sistemas-catalunya.com\/ca\/mes-projesctes-solidaris-el-nostre-0-7-es-per-a-ells\/","og_locale":"ca_ES","og_type":"article","og_title":"M\u00e9s Projectes Solidaris. El nostre 0,7% \u00e9s per a Ells - Sistemas Digitales","og_description":"El Departament de Responsabilitat Social Corporativa de Ricoh Sistemes Catalunya lliura les aportacions a les entitats socials.","og_url":"https:\/\/www.sistemas-catalunya.com\/ca\/mes-projesctes-solidaris-el-nostre-0-7-es-per-a-ells\/","og_site_name":"Sistemas Digitales","article_published_time":"2019-03-14T23:00:00+00:00","article_modified_time":"2025-07-21T10:12:56+00:00","og_image":[{"width":1280,"height":720,"url":"https:\/\/www.sistemas-catalunya.com\/wp-content\/uploads\/2020\/11\/23.jpg","type":"image\/jpeg"}],"author":"Equipo Sistemas Digitales","twitter_card":"summary_large_image","twitter_misc":{"Escrit per":"Equipo Sistemas Digitales","Temps estimat de lectura":"4 minuts"},"schema":{"@context":"https:\/\/schema.org","@graph":[{"@type":"Article","@id":"https:\/\/www.sistemas-catalunya.com\/ca\/mes-projesctes-solidaris-el-nostre-0-7-es-per-a-ells\/#article","isPartOf":{"@id":"https:\/\/www.sistemas-catalunya.com\/ca\/mes-projesctes-solidaris-el-nostre-0-7-es-per-a-ells\/"},"author":{"name":"Equipo Sistemas Digitales","@id":"https:\/\/www.sistemas-catalunya.com\/ca\/#\/schema\/person\/0e8685d60c5a2a9ea118a07de0f023eb"},"headline":"M\u00e9s Projectes Solidaris. El nostre 0,7% \u00e9s per a Ells","datePublished":"2019-03-14T23:00:00+00:00","dateModified":"2025-07-21T10:12:56+00:00","mainEntityOfPage":{"@id":"https:\/\/www.sistemas-catalunya.com\/ca\/mes-projesctes-solidaris-el-nostre-0-7-es-per-a-ells\/"},"wordCount":699,"commentCount":0,"image":{"@id":"https:\/\/www.sistemas-catalunya.com\/ca\/mes-projesctes-solidaris-el-nostre-0-7-es-per-a-ells\/#primaryimage"},"thumbnailUrl":"https:\/\/www.sistemas-catalunya.com\/wp-content\/uploads\/2020\/11\/23.jpg","articleSection":["Not\u00edcies Sistemas Digitales"],"inLanguage":"ca","potentialAction":[{"@type":"CommentAction","name":"Comment","target":["https:\/\/www.sistemas-catalunya.com\/ca\/mes-projesctes-solidaris-el-nostre-0-7-es-per-a-ells\/#respond"]}]},{"@type":"WebPage","@id":"https:\/\/www.sistemas-catalunya.com\/ca\/mes-projesctes-solidaris-el-nostre-0-7-es-per-a-ells\/","url":"https:\/\/www.sistemas-catalunya.com\/ca\/mes-projesctes-solidaris-el-nostre-0-7-es-per-a-ells\/","name":"M\u00e9s Projectes Solidaris. El nostre 0,7% \u00e9s per a Ells - Sistemas Digitales","isPartOf":{"@id":"https:\/\/www.sistemas-catalunya.com\/ca\/#website"},"primaryImageOfPage":{"@id":"https:\/\/www.sistemas-catalunya.com\/ca\/mes-projesctes-solidaris-el-nostre-0-7-es-per-a-ells\/#primaryimage"},"image":{"@id":"https:\/\/www.sistemas-catalunya.com\/ca\/mes-projesctes-solidaris-el-nostre-0-7-es-per-a-ells\/#primaryimage"},"thumbnailUrl":"https:\/\/www.sistemas-catalunya.com\/wp-content\/uploads\/2020\/11\/23.jpg","datePublished":"2019-03-14T23:00:00+00:00","dateModified":"2025-07-21T10:12:56+00:00","author":{"@id":"https:\/\/www.sistemas-catalunya.com\/ca\/#\/schema\/person\/0e8685d60c5a2a9ea118a07de0f023eb"},"description":"El Departament de Responsabilitat Social Corporativa de Ricoh Sistemes Catalunya lliura les aportacions a les entitats socials.","breadcrumb":{"@id":"https:\/\/www.sistemas-catalunya.com\/ca\/mes-projesctes-solidaris-el-nostre-0-7-es-per-a-ells\/#breadcrumb"},"inLanguage":"ca","potentialAction":[{"@type":"ReadAction","target":["https:\/\/www.sistemas-catalunya.com\/ca\/mes-projesctes-solidaris-el-nostre-0-7-es-per-a-ells\/"]}]},{"@type":"ImageObject","inLanguage":"ca","@id":"https:\/\/www.sistemas-catalunya.com\/ca\/mes-projesctes-solidaris-el-nostre-0-7-es-per-a-ells\/#primaryimage","url":"https:\/\/www.sistemas-catalunya.com\/wp-content\/uploads\/2020\/11\/23.jpg","contentUrl":"https:\/\/www.sistemas-catalunya.com\/wp-content\/uploads\/2020\/11\/23.jpg","width":1280,"height":720,"caption":"23"},{"@type":"BreadcrumbList","@id":"https:\/\/www.sistemas-catalunya.com\/ca\/mes-projesctes-solidaris-el-nostre-0-7-es-per-a-ells\/#breadcrumb","itemListElement":[{"@type":"ListItem","position":1,"name":"Sistemas Catalunya","item":"https:\/\/www.sistemas-catalunya.com\/ca\/"},{"@type":"ListItem","position":2,"name":"M\u00e9s Projectes Solidaris. El nostre 0,7% \u00e9s per a Ells"}]},{"@type":"WebSite","@id":"https:\/\/www.sistemas-catalunya.com\/ca\/#website","url":"https:\/\/www.sistemas-catalunya.com\/ca\/","name":"Sistemas Digitales","description":"Renting de Impresoras y Fotocopiadoras ...","potentialAction":[{"@type":"SearchAction","target":{"@type":"EntryPoint","urlTemplate":"https:\/\/www.sistemas-catalunya.com\/ca\/?s={search_term_string}"},"query-input":{"@type":"PropertyValueSpecification","valueRequired":true,"valueName":"search_term_string"}}],"inLanguage":"ca"},{"@type":"Person","@id":"https:\/\/www.sistemas-catalunya.com\/ca\/#\/schema\/person\/0e8685d60c5a2a9ea118a07de0f023eb","name":"Equipo Sistemas Digitales","image":{"@type":"ImageObject","inLanguage":"ca","@id":"https:\/\/secure.gravatar.com\/avatar\/ec335ddbf628e32b733bae25c902ee849b9b8e4b3ed348c566d53642133e8df7?s=96&d=mm&r=g","url":"https:\/\/secure.gravatar.com\/avatar\/ec335ddbf628e32b733bae25c902ee849b9b8e4b3ed348c566d53642133e8df7?s=96&d=mm&r=g","contentUrl":"https:\/\/secure.gravatar.com\/avatar\/ec335ddbf628e32b733bae25c902ee849b9b8e4b3ed348c566d53642133e8df7?s=96&d=mm&r=g","caption":"Equipo Sistemas Digitales"},"description":"En Sistemas Catalunya ofrecemos alquiler de impresoras con soporte t\u00e9cnico y flexibilidad para actualizar equipos. Disfrute de calidad y un servicio al cliente excepcional."}]}},"_links":{"self":[{"href":"https:\/\/www.sistemas-catalunya.com\/ca\/wp-json\/wp\/v2\/posts\/244328","targetHints":{"allow":["GET"]}}],"collection":[{"href":"https:\/\/www.sistemas-catalunya.com\/ca\/wp-json\/wp\/v2\/posts"}],"about":[{"href":"https:\/\/www.sistemas-catalunya.com\/ca\/wp-json\/wp\/v2\/types\/post"}],"author":[{"embeddable":true,"href":"https:\/\/www.sistemas-catalunya.com\/ca\/wp-json\/wp\/v2\/users\/7"}],"replies":[{"embeddable":true,"href":"https:\/\/www.sistemas-catalunya.com\/ca\/wp-json\/wp\/v2\/comments?post=244328"}],"version-history":[{"count":1,"href":"https:\/\/www.sistemas-catalunya.com\/ca\/wp-json\/wp\/v2\/posts\/244328\/revisions"}],"predecessor-version":[{"id":270065,"href":"https:\/\/www.sistemas-catalunya.com\/ca\/wp-json\/wp\/v2\/posts\/244328\/revisions\/270065"}],"wp:featuredmedia":[{"embeddable":true,"href":"https:\/\/www.sistemas-catalunya.com\/ca\/wp-json\/wp\/v2\/media\/244626"}],"wp:attachment":[{"href":"https:\/\/www.sistemas-catalunya.com\/ca\/wp-json\/wp\/v2\/media?parent=244328"}],"wp:term":[{"taxonomy":"category","embeddable":true,"href":"https:\/\/www.sistemas-catalunya.com\/ca\/wp-json\/wp\/v2\/categories?post=244328"},{"taxonomy":"post_tag","embeddable":true,"href":"https:\/\/www.sistemas-catalunya.com\/ca\/wp-json\/wp\/v2\/tags?post=244328"}],"curies":[{"name":"wp","href":"https:\/\/api.w.org\/{rel}","templated":true}]}}