{"id":244331,"date":"2019-04-23T00:00:00","date_gmt":"2019-04-22T23:00:00","guid":{"rendered":"https:\/\/www.sistemas-catalunya.com\/sistemas-lider-en-europa\/"},"modified":"2025-07-21T11:12:57","modified_gmt":"2025-07-21T10:12:57","slug":"sistemas-lider-en-europa-2","status":"publish","type":"post","link":"https:\/\/www.sistemas-catalunya.com\/ca\/sistemas-lider-en-europa-2\/","title":{"rendered":"Sistemes, l\u00edder a Europa"},"content":{"rendered":"<p><strong>El Departament Comercial se situa a la primera posici\u00f3 en la comercialitzaci\u00f3 d&#8217;impressores multifuncionals, copiadores digitals i solucions d&#8217;impressi\u00f3 del mercat.<\/strong><\/p>\n<p>La multinacional Ricoh ha celebrat la convenci\u00f3 anual a una de les ciutats que est\u00e0 en auge a l&#8217;\u00e0mbit tur\u00edstic europeu com Lisboa, on vam estar els dies 4 i 5 d&#8217;abril. Aquest gran esdeveniment s&#8217;ha realitzat al Pavell\u00f3 del Coneixement considerat un dels museus de ci\u00e8ncia m\u00e9s complet i m\u00e9s ben valorat d&#8217;aquesta ciutat. <\/p>\n<p>Passar la nit a l&#8217;Hotel Myriad by SANA amb una ubicaci\u00f3 \u00fanica sobre el riu Tajo amb vistes enlluernadores al riu i al Parc de les Nacions, tot aix\u00f2 combinat amb un disseny contemporani i unes instal\u00b7lacions \u00faniques ens ha fet estar encantats amb la ciutat.<\/p>\n<p>La nostra agenda preparada per a aquests dies es presenta plena d\u00b4activitats com confer\u00e8ncies, workshops, nit de reconeixements, i un dia d\u00b4oci per a tots els assistents presents per con\u00e8ixer la meravellosa ciutat de Lisboa.<\/p>\n<p>Aquestes jornades han estat molt estimulants, productives i plenes d&#8217;aprenentatge amb els workshops i confer\u00e8ncies realitzades pel nostre partner la multinacional Ricoh, amb grans conferenciants i gent professional preparada al sector que s&#8217;han enfocat aquest any al lema <b><i>Creant un m\u00f3n intel\u00b7ligent<\/i><\/b> . Aquest \u00e9s l&#8217;objectiu que hem de tenir al cap i Sistemes Catalunya est\u00e0 completament disposada per ajudar a desenvolupar-lo als seus Large Accounts, Pimes, AAPP, professionals, etc. treballant amb la tecnologia a favor de l&#8217;economia i contribuint a que els nostres clients disposin dels darrers aven\u00e7os i els ajudi en el workflow de les seves empreses a transformar el seu lloc de treball cap a la major efici\u00e8ncia. <\/p>\n<p>Hem escoltat la pon\u00e8ncia del Professor en Estrat\u00e8gia i Direcci\u00f3 General d&#8217;IESE, Miquel Llad\u00f3, que ha versat sobre Estrat\u00e8gies de posicionament del valor afegit de les Noves Tecnologies i la seva implementaci\u00f3, aix\u00ed com la confer\u00e8ncia d&#8217;Ant\u00f3nio Costa, s\u00e8nior partner de Kaizen Institute Western Europe amb el tema de com impulsar el canvi en les canvis a les en la qualitat de productes i serveis. A m\u00e9s, les xerrades dels representants de la Multinacional Ricoh en les quals ens parlen del constant canvi en el lloc de treball i la conscienciaci\u00f3 sobre aquest fet \u00e9s una obligaci\u00f3, hem d&#8217;estar preparats un pas endavant per actualitzar en tot moment els nostres clients. Un punt important \u00e9s la seguretat ja que els propers anys tots podrem accedir a molt\u00edssima quantitat d&#8217;informaci\u00f3 a causa de les xarxes i hem d&#8217;estar protegits al complet.  <\/p>\n<p>Sistemes Catalunya de la m\u00e0 de la multinacional Ricoh estem innovant perqu\u00e8 el m\u00f3n f\u00edsic i digital es connecti millorant i potenciant les noves formes de treballar a les empreses, o sigui, entre les persones.<\/p>\n<p>Als Workshops s&#8217;han mostrat les darreres innovacions en impressi\u00f3 digital, en equips multifuncionals, copiadores en color, i s&#8217;han presentat els darrers aven\u00e7os de l&#8217;alta qualitat i noves tecnologies en el control i la gesti\u00f3 documental, eines imprescindibles en la Transformaci\u00f3 Digital. Som l\u00edders del sector perqu\u00e8 apostem per la implementaci\u00f3 de noves tecnologies en els \u00e0mbits professionals, a les Administracions P\u00fabliques, als Col\u00b7legis, al nostre dia a dia, i posem passi\u00f3, aquest valor \u00e9s la clau per realitzar un treball col\u00b7laboratiu, \u00e0gil i eficient. <\/p>\n<p>Aquest mateix dia a la nit vam tenir un Sopar de gala en qu\u00e8 vam rebre el Premi Top Vendes 2018 per des\u00e8 any consecutiu, sent Sistemes Catalunya el distribu\u00efdor m\u00e9s gran d&#8217;Europa en impressores multifunci\u00f3, fotocopiadores professionals del mercat, convertint-nos en l\u00edders d&#8217;Europa i referents al nostre sector. Els nostres assessors s\u00f3n una part fonamental a la nostra companyia per tant estan en constant formaci\u00f3 en les \u00faltimes eines dels nous processos dIT i lautomatitzaci\u00f3 de processos. Aquest premi \u00e9s una motivaci\u00f3 per continuar assessorant els nostres clients en la incorporaci\u00f3 a les seves empreses a la digitalitzaci\u00f3.  <\/p>\n<p>Aquestes han estat les actualitzacions per al nostre sector que portem impregnades a la mem\u00f2ria per poder transmetre tots aquests nous coneixements i mostrar els nostres productes i serveis de fotocopiadores i impressores multifunci\u00f3 als nostres clients i que la gesti\u00f3 de dades i informaci\u00f3 a les seves empreses progressi amb efic\u00e0cia i amb vista a la transformaci\u00f3 digital.<\/p>\n<p>Desitjant que arribi el seg\u00fcent any per poder acudir a la propera convenci\u00f3 de distribu\u00efdors anual de la multinacional Ricoh i compartir amb les diferents empreses del mercat unes jornades productives.<\/p>\n<p>&nbsp;<\/p>\n<p><u>Sobre Ricoh Sistemes Catalunya<\/u><\/p>\n<p>Ricoh Sistemas Catalunya \u00e9s el principal distribu\u00efdor de la marca l\u00edder Ricoh, n\u00famero 1 mundial en vendes d&#8217;impressi\u00f3 multifunci\u00f3 del mercat, amb m\u00e9s d&#8217;un 40% de quota. El nostre ampli equip de m\u00e9s de 150 professionals estem dedicats a aplicar la tecnologia m\u00e9s avan\u00e7ada en impressores digitals i fotocopiadores multifunci\u00f3 per millorar-ne la productivitat i maximitzar la satisfacci\u00f3 dels nostres clients a trav\u00e9s de la nostra experi\u00e8ncia i excel\u00b7l\u00e8ncia. <\/p>\n<p>Ricoh Sistemes Catalunya amb seu central a Barcelona, compta amb altres seus a Lleida, Girona i Tarragona i oficines a Matar\u00f3 i Granollers. Disposem de la major cobertura de servei per a tot Catalunya. <\/p>\n<p>Estem especialitzats en infraestructura d&#8217;impressi\u00f3, gesti\u00f3 de documents i eines interactives, amb solucions eficients, segures i sostenibles i un menor impacte mediambiental. Amb una destacada posici\u00f3 de lideratge a Europa, des de Ricoh Sistemas Catalunya contribu\u00efm a millorar l&#8217;efici\u00e8ncia de la vostra empresa. <\/p>\n","protected":false},"excerpt":{"rendered":"<p>El Departament Comercial se situa a la primera posici\u00f3 en la comercialitzaci\u00f3 d&#8217;impressores multifuncionals, copiadores digitals i solucions d&#8217;impressi\u00f3 del mercat. La multinacional Ricoh ha celebrat la convenci\u00f3 anual a una de les ciutats que est\u00e0 en auge a l&#8217;\u00e0mbit tur\u00edstic europeu com Lisboa, on vam estar els dies 4 i 5 d&#8217;abril. Aquest gran [&hellip;]<\/p>\n","protected":false},"author":7,"featured_media":244620,"comment_status":"open","ping_status":"open","sticky":false,"template":"","format":"standard","meta":{"_acf_changed":false,"footnotes":""},"categories":[2],"tags":[],"class_list":["post-244331","post","type-post","status-publish","format-standard","has-post-thumbnail","hentry","category-noticies-sistemas-digitales"],"acf":[],"yoast_head":"<!-- This site is optimized with the Yoast SEO plugin v27.4 - https:\/\/yoast.com\/product\/yoast-seo-wordpress\/ -->\n<title>Sistemes, l\u00edder a Europa - Sistemas Digitales<\/title>\n<meta name=\"description\" content=\"Ricoh Sistemas Catalunya \u00e9s el principal distribu\u00efdor de la marca l\u00edder Ricoh, n\u00famero 1 mundial en vendes d&#039;impressi\u00f3 multifunci\u00f3 del mercat.\" \/>\n<meta name=\"robots\" content=\"index, follow, max-snippet:-1, max-image-preview:large, max-video-preview:-1\" \/>\n<link rel=\"canonical\" href=\"https:\/\/www.sistemas-catalunya.com\/ca\/sistemas-lider-en-europa-2\/\" \/>\n<meta property=\"og:locale\" content=\"ca_ES\" \/>\n<meta property=\"og:type\" content=\"article\" \/>\n<meta property=\"og:title\" content=\"Sistemes, l\u00edder a Europa - Sistemas Digitales\" \/>\n<meta property=\"og:description\" content=\"Ricoh Sistemas Catalunya \u00e9s el principal distribu\u00efdor de la marca l\u00edder Ricoh, n\u00famero 1 mundial en vendes d&#039;impressi\u00f3 multifunci\u00f3 del mercat.\" \/>\n<meta property=\"og:url\" content=\"https:\/\/www.sistemas-catalunya.com\/ca\/sistemas-lider-en-europa-2\/\" \/>\n<meta property=\"og:site_name\" content=\"Sistemas Digitales\" \/>\n<meta property=\"article:published_time\" content=\"2019-04-22T23:00:00+00:00\" \/>\n<meta property=\"article:modified_time\" content=\"2025-07-21T10:12:57+00:00\" \/>\n<meta property=\"og:image\" content=\"https:\/\/www.sistemas-catalunya.com\/wp-content\/uploads\/2020\/11\/19.jpg\" \/>\n\t<meta property=\"og:image:width\" content=\"1280\" \/>\n\t<meta property=\"og:image:height\" content=\"720\" \/>\n\t<meta property=\"og:image:type\" content=\"image\/jpeg\" \/>\n<meta name=\"author\" content=\"Equipo Sistemas Digitales\" \/>\n<meta name=\"twitter:card\" content=\"summary_large_image\" \/>\n<meta name=\"twitter:label1\" content=\"Escrit per\" \/>\n\t<meta name=\"twitter:data1\" content=\"Equipo Sistemas Digitales\" \/>\n\t<meta name=\"twitter:label2\" content=\"Temps estimat de lectura\" \/>\n\t<meta name=\"twitter:data2\" content=\"4 minuts\" \/>\n<script type=\"application\/ld+json\" class=\"yoast-schema-graph\">{\"@context\":\"https:\\\/\\\/schema.org\",\"@graph\":[{\"@type\":\"Article\",\"@id\":\"https:\\\/\\\/www.sistemas-catalunya.com\\\/ca\\\/sistemas-lider-en-europa-2\\\/#article\",\"isPartOf\":{\"@id\":\"https:\\\/\\\/www.sistemas-catalunya.com\\\/ca\\\/sistemas-lider-en-europa-2\\\/\"},\"author\":{\"name\":\"Equipo Sistemas Digitales\",\"@id\":\"https:\\\/\\\/www.sistemas-catalunya.com\\\/ca\\\/#\\\/schema\\\/person\\\/0e8685d60c5a2a9ea118a07de0f023eb\"},\"headline\":\"Sistemes, l\u00edder a Europa\",\"datePublished\":\"2019-04-22T23:00:00+00:00\",\"dateModified\":\"2025-07-21T10:12:57+00:00\",\"mainEntityOfPage\":{\"@id\":\"https:\\\/\\\/www.sistemas-catalunya.com\\\/ca\\\/sistemas-lider-en-europa-2\\\/\"},\"wordCount\":940,\"commentCount\":0,\"image\":{\"@id\":\"https:\\\/\\\/www.sistemas-catalunya.com\\\/ca\\\/sistemas-lider-en-europa-2\\\/#primaryimage\"},\"thumbnailUrl\":\"https:\\\/\\\/www.sistemas-catalunya.com\\\/wp-content\\\/uploads\\\/2020\\\/11\\\/19.jpg\",\"articleSection\":[\"Not\u00edcies Sistemas Digitales\"],\"inLanguage\":\"ca\",\"potentialAction\":[{\"@type\":\"CommentAction\",\"name\":\"Comment\",\"target\":[\"https:\\\/\\\/www.sistemas-catalunya.com\\\/ca\\\/sistemas-lider-en-europa-2\\\/#respond\"]}]},{\"@type\":\"WebPage\",\"@id\":\"https:\\\/\\\/www.sistemas-catalunya.com\\\/ca\\\/sistemas-lider-en-europa-2\\\/\",\"url\":\"https:\\\/\\\/www.sistemas-catalunya.com\\\/ca\\\/sistemas-lider-en-europa-2\\\/\",\"name\":\"Sistemes, l\u00edder a Europa - Sistemas Digitales\",\"isPartOf\":{\"@id\":\"https:\\\/\\\/www.sistemas-catalunya.com\\\/ca\\\/#website\"},\"primaryImageOfPage\":{\"@id\":\"https:\\\/\\\/www.sistemas-catalunya.com\\\/ca\\\/sistemas-lider-en-europa-2\\\/#primaryimage\"},\"image\":{\"@id\":\"https:\\\/\\\/www.sistemas-catalunya.com\\\/ca\\\/sistemas-lider-en-europa-2\\\/#primaryimage\"},\"thumbnailUrl\":\"https:\\\/\\\/www.sistemas-catalunya.com\\\/wp-content\\\/uploads\\\/2020\\\/11\\\/19.jpg\",\"datePublished\":\"2019-04-22T23:00:00+00:00\",\"dateModified\":\"2025-07-21T10:12:57+00:00\",\"author\":{\"@id\":\"https:\\\/\\\/www.sistemas-catalunya.com\\\/ca\\\/#\\\/schema\\\/person\\\/0e8685d60c5a2a9ea118a07de0f023eb\"},\"description\":\"Ricoh Sistemas Catalunya \u00e9s el principal distribu\u00efdor de la marca l\u00edder Ricoh, n\u00famero 1 mundial en vendes d'impressi\u00f3 multifunci\u00f3 del mercat.\",\"breadcrumb\":{\"@id\":\"https:\\\/\\\/www.sistemas-catalunya.com\\\/ca\\\/sistemas-lider-en-europa-2\\\/#breadcrumb\"},\"inLanguage\":\"ca\",\"potentialAction\":[{\"@type\":\"ReadAction\",\"target\":[\"https:\\\/\\\/www.sistemas-catalunya.com\\\/ca\\\/sistemas-lider-en-europa-2\\\/\"]}]},{\"@type\":\"ImageObject\",\"inLanguage\":\"ca\",\"@id\":\"https:\\\/\\\/www.sistemas-catalunya.com\\\/ca\\\/sistemas-lider-en-europa-2\\\/#primaryimage\",\"url\":\"https:\\\/\\\/www.sistemas-catalunya.com\\\/wp-content\\\/uploads\\\/2020\\\/11\\\/19.jpg\",\"contentUrl\":\"https:\\\/\\\/www.sistemas-catalunya.com\\\/wp-content\\\/uploads\\\/2020\\\/11\\\/19.jpg\",\"width\":1280,\"height\":720,\"caption\":\"19\"},{\"@type\":\"BreadcrumbList\",\"@id\":\"https:\\\/\\\/www.sistemas-catalunya.com\\\/ca\\\/sistemas-lider-en-europa-2\\\/#breadcrumb\",\"itemListElement\":[{\"@type\":\"ListItem\",\"position\":1,\"name\":\"Sistemas Catalunya\",\"item\":\"https:\\\/\\\/www.sistemas-catalunya.com\\\/ca\\\/\"},{\"@type\":\"ListItem\",\"position\":2,\"name\":\"Sistemes, l\u00edder a Europa\"}]},{\"@type\":\"WebSite\",\"@id\":\"https:\\\/\\\/www.sistemas-catalunya.com\\\/ca\\\/#website\",\"url\":\"https:\\\/\\\/www.sistemas-catalunya.com\\\/ca\\\/\",\"name\":\"Sistemas Digitales\",\"description\":\"Renting de Impresoras y Fotocopiadoras ...\",\"potentialAction\":[{\"@type\":\"SearchAction\",\"target\":{\"@type\":\"EntryPoint\",\"urlTemplate\":\"https:\\\/\\\/www.sistemas-catalunya.com\\\/ca\\\/?s={search_term_string}\"},\"query-input\":{\"@type\":\"PropertyValueSpecification\",\"valueRequired\":true,\"valueName\":\"search_term_string\"}}],\"inLanguage\":\"ca\"},{\"@type\":\"Person\",\"@id\":\"https:\\\/\\\/www.sistemas-catalunya.com\\\/ca\\\/#\\\/schema\\\/person\\\/0e8685d60c5a2a9ea118a07de0f023eb\",\"name\":\"Equipo Sistemas Digitales\",\"image\":{\"@type\":\"ImageObject\",\"inLanguage\":\"ca\",\"@id\":\"https:\\\/\\\/secure.gravatar.com\\\/avatar\\\/ec335ddbf628e32b733bae25c902ee849b9b8e4b3ed348c566d53642133e8df7?s=96&d=mm&r=g\",\"url\":\"https:\\\/\\\/secure.gravatar.com\\\/avatar\\\/ec335ddbf628e32b733bae25c902ee849b9b8e4b3ed348c566d53642133e8df7?s=96&d=mm&r=g\",\"contentUrl\":\"https:\\\/\\\/secure.gravatar.com\\\/avatar\\\/ec335ddbf628e32b733bae25c902ee849b9b8e4b3ed348c566d53642133e8df7?s=96&d=mm&r=g\",\"caption\":\"Equipo Sistemas Digitales\"},\"description\":\"En Sistemas Catalunya ofrecemos alquiler de impresoras con soporte t\u00e9cnico y flexibilidad para actualizar equipos. Disfrute de calidad y un servicio al cliente excepcional.\"}]}<\/script>\n<!-- \/ Yoast SEO plugin. -->","yoast_head_json":{"title":"Sistemes, l\u00edder a Europa - Sistemas Digitales","description":"Ricoh Sistemas Catalunya \u00e9s el principal distribu\u00efdor de la marca l\u00edder Ricoh, n\u00famero 1 mundial en vendes d'impressi\u00f3 multifunci\u00f3 del mercat.","robots":{"index":"index","follow":"follow","max-snippet":"max-snippet:-1","max-image-preview":"max-image-preview:large","max-video-preview":"max-video-preview:-1"},"canonical":"https:\/\/www.sistemas-catalunya.com\/ca\/sistemas-lider-en-europa-2\/","og_locale":"ca_ES","og_type":"article","og_title":"Sistemes, l\u00edder a Europa - Sistemas Digitales","og_description":"Ricoh Sistemas Catalunya \u00e9s el principal distribu\u00efdor de la marca l\u00edder Ricoh, n\u00famero 1 mundial en vendes d'impressi\u00f3 multifunci\u00f3 del mercat.","og_url":"https:\/\/www.sistemas-catalunya.com\/ca\/sistemas-lider-en-europa-2\/","og_site_name":"Sistemas Digitales","article_published_time":"2019-04-22T23:00:00+00:00","article_modified_time":"2025-07-21T10:12:57+00:00","og_image":[{"width":1280,"height":720,"url":"https:\/\/www.sistemas-catalunya.com\/wp-content\/uploads\/2020\/11\/19.jpg","type":"image\/jpeg"}],"author":"Equipo Sistemas Digitales","twitter_card":"summary_large_image","twitter_misc":{"Escrit per":"Equipo Sistemas Digitales","Temps estimat de lectura":"4 minuts"},"schema":{"@context":"https:\/\/schema.org","@graph":[{"@type":"Article","@id":"https:\/\/www.sistemas-catalunya.com\/ca\/sistemas-lider-en-europa-2\/#article","isPartOf":{"@id":"https:\/\/www.sistemas-catalunya.com\/ca\/sistemas-lider-en-europa-2\/"},"author":{"name":"Equipo Sistemas Digitales","@id":"https:\/\/www.sistemas-catalunya.com\/ca\/#\/schema\/person\/0e8685d60c5a2a9ea118a07de0f023eb"},"headline":"Sistemes, l\u00edder a Europa","datePublished":"2019-04-22T23:00:00+00:00","dateModified":"2025-07-21T10:12:57+00:00","mainEntityOfPage":{"@id":"https:\/\/www.sistemas-catalunya.com\/ca\/sistemas-lider-en-europa-2\/"},"wordCount":940,"commentCount":0,"image":{"@id":"https:\/\/www.sistemas-catalunya.com\/ca\/sistemas-lider-en-europa-2\/#primaryimage"},"thumbnailUrl":"https:\/\/www.sistemas-catalunya.com\/wp-content\/uploads\/2020\/11\/19.jpg","articleSection":["Not\u00edcies Sistemas Digitales"],"inLanguage":"ca","potentialAction":[{"@type":"CommentAction","name":"Comment","target":["https:\/\/www.sistemas-catalunya.com\/ca\/sistemas-lider-en-europa-2\/#respond"]}]},{"@type":"WebPage","@id":"https:\/\/www.sistemas-catalunya.com\/ca\/sistemas-lider-en-europa-2\/","url":"https:\/\/www.sistemas-catalunya.com\/ca\/sistemas-lider-en-europa-2\/","name":"Sistemes, l\u00edder a Europa - Sistemas Digitales","isPartOf":{"@id":"https:\/\/www.sistemas-catalunya.com\/ca\/#website"},"primaryImageOfPage":{"@id":"https:\/\/www.sistemas-catalunya.com\/ca\/sistemas-lider-en-europa-2\/#primaryimage"},"image":{"@id":"https:\/\/www.sistemas-catalunya.com\/ca\/sistemas-lider-en-europa-2\/#primaryimage"},"thumbnailUrl":"https:\/\/www.sistemas-catalunya.com\/wp-content\/uploads\/2020\/11\/19.jpg","datePublished":"2019-04-22T23:00:00+00:00","dateModified":"2025-07-21T10:12:57+00:00","author":{"@id":"https:\/\/www.sistemas-catalunya.com\/ca\/#\/schema\/person\/0e8685d60c5a2a9ea118a07de0f023eb"},"description":"Ricoh Sistemas Catalunya \u00e9s el principal distribu\u00efdor de la marca l\u00edder Ricoh, n\u00famero 1 mundial en vendes d'impressi\u00f3 multifunci\u00f3 del mercat.","breadcrumb":{"@id":"https:\/\/www.sistemas-catalunya.com\/ca\/sistemas-lider-en-europa-2\/#breadcrumb"},"inLanguage":"ca","potentialAction":[{"@type":"ReadAction","target":["https:\/\/www.sistemas-catalunya.com\/ca\/sistemas-lider-en-europa-2\/"]}]},{"@type":"ImageObject","inLanguage":"ca","@id":"https:\/\/www.sistemas-catalunya.com\/ca\/sistemas-lider-en-europa-2\/#primaryimage","url":"https:\/\/www.sistemas-catalunya.com\/wp-content\/uploads\/2020\/11\/19.jpg","contentUrl":"https:\/\/www.sistemas-catalunya.com\/wp-content\/uploads\/2020\/11\/19.jpg","width":1280,"height":720,"caption":"19"},{"@type":"BreadcrumbList","@id":"https:\/\/www.sistemas-catalunya.com\/ca\/sistemas-lider-en-europa-2\/#breadcrumb","itemListElement":[{"@type":"ListItem","position":1,"name":"Sistemas Catalunya","item":"https:\/\/www.sistemas-catalunya.com\/ca\/"},{"@type":"ListItem","position":2,"name":"Sistemes, l\u00edder a Europa"}]},{"@type":"WebSite","@id":"https:\/\/www.sistemas-catalunya.com\/ca\/#website","url":"https:\/\/www.sistemas-catalunya.com\/ca\/","name":"Sistemas Digitales","description":"Renting de Impresoras y Fotocopiadoras ...","potentialAction":[{"@type":"SearchAction","target":{"@type":"EntryPoint","urlTemplate":"https:\/\/www.sistemas-catalunya.com\/ca\/?s={search_term_string}"},"query-input":{"@type":"PropertyValueSpecification","valueRequired":true,"valueName":"search_term_string"}}],"inLanguage":"ca"},{"@type":"Person","@id":"https:\/\/www.sistemas-catalunya.com\/ca\/#\/schema\/person\/0e8685d60c5a2a9ea118a07de0f023eb","name":"Equipo Sistemas Digitales","image":{"@type":"ImageObject","inLanguage":"ca","@id":"https:\/\/secure.gravatar.com\/avatar\/ec335ddbf628e32b733bae25c902ee849b9b8e4b3ed348c566d53642133e8df7?s=96&d=mm&r=g","url":"https:\/\/secure.gravatar.com\/avatar\/ec335ddbf628e32b733bae25c902ee849b9b8e4b3ed348c566d53642133e8df7?s=96&d=mm&r=g","contentUrl":"https:\/\/secure.gravatar.com\/avatar\/ec335ddbf628e32b733bae25c902ee849b9b8e4b3ed348c566d53642133e8df7?s=96&d=mm&r=g","caption":"Equipo Sistemas Digitales"},"description":"En Sistemas Catalunya ofrecemos alquiler de impresoras con soporte t\u00e9cnico y flexibilidad para actualizar equipos. Disfrute de calidad y un servicio al cliente excepcional."}]}},"_links":{"self":[{"href":"https:\/\/www.sistemas-catalunya.com\/ca\/wp-json\/wp\/v2\/posts\/244331","targetHints":{"allow":["GET"]}}],"collection":[{"href":"https:\/\/www.sistemas-catalunya.com\/ca\/wp-json\/wp\/v2\/posts"}],"about":[{"href":"https:\/\/www.sistemas-catalunya.com\/ca\/wp-json\/wp\/v2\/types\/post"}],"author":[{"embeddable":true,"href":"https:\/\/www.sistemas-catalunya.com\/ca\/wp-json\/wp\/v2\/users\/7"}],"replies":[{"embeddable":true,"href":"https:\/\/www.sistemas-catalunya.com\/ca\/wp-json\/wp\/v2\/comments?post=244331"}],"version-history":[{"count":1,"href":"https:\/\/www.sistemas-catalunya.com\/ca\/wp-json\/wp\/v2\/posts\/244331\/revisions"}],"predecessor-version":[{"id":270067,"href":"https:\/\/www.sistemas-catalunya.com\/ca\/wp-json\/wp\/v2\/posts\/244331\/revisions\/270067"}],"wp:featuredmedia":[{"embeddable":true,"href":"https:\/\/www.sistemas-catalunya.com\/ca\/wp-json\/wp\/v2\/media\/244620"}],"wp:attachment":[{"href":"https:\/\/www.sistemas-catalunya.com\/ca\/wp-json\/wp\/v2\/media?parent=244331"}],"wp:term":[{"taxonomy":"category","embeddable":true,"href":"https:\/\/www.sistemas-catalunya.com\/ca\/wp-json\/wp\/v2\/categories?post=244331"},{"taxonomy":"post_tag","embeddable":true,"href":"https:\/\/www.sistemas-catalunya.com\/ca\/wp-json\/wp\/v2\/tags?post=244331"}],"curies":[{"name":"wp","href":"https:\/\/api.w.org\/{rel}","templated":true}]}}