{"id":244333,"date":"2019-05-21T00:00:00","date_gmt":"2019-05-20T23:00:00","guid":{"rendered":"https:\/\/www.sistemas-catalunya.com\/la-vanguardia-destaca-lactivitat-tecnologica-de-sistemas-catalunya\/"},"modified":"2025-07-21T11:12:58","modified_gmt":"2025-07-21T10:12:58","slug":"la-vanguardia-destaca-lactivitat-tecnologica-de-sistemas-catalunya","status":"publish","type":"post","link":"https:\/\/www.sistemas-catalunya.com\/ca\/la-vanguardia-destaca-lactivitat-tecnologica-de-sistemas-catalunya\/","title":{"rendered":"LA VANGUARDIA destaca l&#8217;activitat tecnol\u00f2gica de Sistemes Catalunya"},"content":{"rendered":"<p><strong>Entrevista de LA VANGUARDIA a Jos\u00e9 Luis Beguer, CEO de Sistemes Digitals Catalunya &#8211; Ricoh<\/strong><\/p>\n<p><strong>30 Anys ajudant les empreses Catalanes a fer el salt Tecnol\u00f2gic. &#8220;La transformaci\u00f3 digital ajuda les organitzacions a ser m\u00e9s sostenibles, m\u00e9s eficients i m\u00e9s rendibles&#8221; <\/strong><\/p>\n<p>Principal distribu\u00efdor de Ricoh a Catalunya, <a href=\"https:\/\/www.sistemas-catalunya.com\/ca\/\" target=\"_blank\" rel=\"noopener\">Sistemes Digitals<\/a> fa tres d\u00e8cades que ajuda les empreses catalanes a fer el salt tecnol\u00f2gic. Ara, l&#8217;any del 30\u00e8 aniversari, el seu repte a futur \u00e9s acompanyar-les en el cam\u00ed de la transformaci\u00f3 digital, de la m\u00e0 de tecnologia que afavoreix els entorns de treball connectats i la gesti\u00f3 documental. <\/p>\n<p>&nbsp;<\/p>\n<p><strong>Situeu-nos al voltant de Ricoh\u2026<\/strong><\/p>\n<p>Ricoh \u00e9s un fabricant japon\u00e8s de tecnologia, l\u00edder mundial en serveis de consultoria especialitzada en el marc d&#8217;equips multifuncionals, impressores i solucions d&#8217;entorns col\u00b7laboratius. La companyia factura de l&#8217;ordre de 27.000 milions anuals i d\u00f3na feina a m\u00e9s de 100.000 treballadors al m\u00f3n. <\/p>\n<p>&nbsp;<\/p>\n<p><strong>I<\/strong> <a href=\"https:\/\/www.sistemas-catalunya.com\/ca\/\" target=\"_blank\" rel=\"noopener\">Sistemes Digitals<\/a> <strong>?<\/strong><\/p>\n<p><a href=\"https:\/\/www.sistemas-catalunya.com\/ca\/\" target=\"_blank\" rel=\"noopener\">Sistemes Digitals<\/a> neix el 1988, per la qual cosa aquest any hem celebrat el nostre 30\u00e8 aniversari. Des de fa 25 anys caminem de la m\u00e0 de Ricoh, sent el seu principal dealer a Europa. Iniciem el nostre cam\u00ed amb un equip molt petit i ara la nostra plantilla la integrem 150 professionals.  <\/p>\n<p>Som una companyia de tecnologia: assessorem, comercialitzem i oferim assist\u00e8ncia t\u00e8cnica a infraestructures d&#8217;impressi\u00f3 i gesti\u00f3 documental. Les nostres oficines centrals s&#8217;ubiquen al World Trade Center de Cornell\u00e0 i tenim oficines a Lleida, Girona, Tarragona, Reus, aix\u00ed com dues filials a Granollers i Matar\u00f3. Avui comptem amb m\u00e9s de 17.000 clients en cartera i 35.000 equips instal\u00b7lats a nivell nacional, la majoria a Catalunya. Aquest any la nostra facturaci\u00f3 superar\u00e0 els 36 milions d&#8217;euros.   <\/p>\n<p>&nbsp;<\/p>\n<p><strong>Des de quin enfocament treballen amb el client?<\/strong><\/p>\n<p>La nostra filosofia es basa a oferir un servei molt personalitzat. <a href=\"https:\/\/www.sistemas-catalunya.com\/ca\/\" target=\"_blank\" rel=\"noopener\">Sistemes Digitals<\/a> no \u00e9s una multinacional, de manera que podem mantenir aquest tracte personalitzat a qu\u00e8 em refereixo; i, per altra banda, tenim avantatges que un distribu\u00efdor petit no pot oferir. Assessorem i acompanyem el client amb m\u00e0xim comprom\u00eds en la qualitat de servei. <\/p>\n<p>&nbsp;<\/p>\n<p><strong>Sobre la base de quins productes?<\/strong><\/p>\n<p>Principalment, equips multifuncionals, impressores, impressi\u00f3 de producci\u00f3, visual communication (pantalles interactives, videoconfer\u00e8ncies\u2026), gran format i diferents programaris de control i gesti\u00f3.<\/p>\n<p>En els darrers anys hem desenvolupat tamb\u00e9 algunes App, entre moltes altres podr\u00edem destacar el Ricoh Expense Manager, que permet gestionar les despeses d&#8217;una empresa des del Smartphone; i l&#8217;app de Salut i Seguretat Laboral per controlar la prevenci\u00f3 de riscos laborals. Cada cop m\u00e9s els equips portaran incorporades diferents aplicacions. <\/p>\n<p>&nbsp;<\/p>\n<p><strong>Tecnologia per acompanyar el client en el salt tecnol\u00f2gic\u2026<\/strong><\/p>\n<p>S\u00ed. Des de fa 30 anys venim ajudant les empreses catalanes a fer un salt tecnol\u00f2gic molt important. Fa anys els ofer\u00edem fotocopiadores, avui dia s\u00f3n equips multifuncionals que permeten treballar en un entorn col\u00b7laboratiu, tenir m\u00e9s comunicaci\u00f3 entre els usuaris, digitalitzar el workflow i la impressi\u00f3 i afavorir la mobilitat.  <\/p>\n<p>&nbsp;<\/p>\n<p><strong>\u00bf El repte avui \u00e9s la transformaci\u00f3 digital?<\/strong><\/p>\n<p>Sens dubte, una transformaci\u00f3 digital que vol dir reestructurar tots els aspectes del negoci. La transformaci\u00f3 digital suposa una gran oportunitat per millorar les organitzacions dels clients i els fluxos de treball de les seves activitats, tant a Pimes i despatxos professionals com a hospitals i administracions p\u00fabliques. Des de Sistemes Digitals estem conven\u00e7uts que la transformaci\u00f3 digital els ajudar\u00e0 a ser m\u00e9s sostenibles, m\u00e9s eficients i m\u00e9s rendibles. Les empreses s&#8217;hi han d&#8217;abra\u00e7ar perqu\u00e8 el canvi ja \u00e9s a la societat.   <\/p>\n<p>&nbsp;<\/p>\n<p><strong>Qu\u00e8 aporta<\/strong> <a href=\"https:\/\/www.sistemas-catalunya.com\/ca\/\" target=\"_blank\" rel=\"noopener\">Sistemes Digitals<\/a> <strong>orientat a aquesta transformaci\u00f3 digital?<\/strong> <\/p>\n<p>Els empleats necessiten entorns de treball connectats, solucions de mobilitat. \u00c9s imprescindible accedir a la informaci\u00f3 en qualsevol moment i lloc i des de qualsevol dispositiu, de manera que es puguin compartir documents de forma instant\u00e0nia. Els programaris que instal\u00b7lem avui als nostres equips Ricoh permeten, per exemple, que persones que mantenen una reuni\u00f3 des de diferents punts del m\u00f3n puguin treballar sobre un mateix dossier, compartir documents, visualitzar les mateixes imatges i continguts\u2026 \u00c9s el que anomenem entorns col\u00b7laboratius.  <\/p>\n<p>Tamb\u00e9 oferim solucions de gesti\u00f3 documental i auditoria d\u00b4impressi\u00f3.<\/p>\n<p>&nbsp;<\/p>\n<p><strong>Consultoria i suport t\u00e8cnic\u2026 \u00bf Aquests s\u00f3n els elements diferenciadors?<\/strong><\/p>\n<p>Sens dubte. Fem auditories per oferir solucions adaptades als clients, fent un diagn\u00f2stic de la seva situaci\u00f3, optimitzant el parc d&#8217;equips, estudis d&#8217;obsolesc\u00e8ncia, estalvi de costos energ\u00e8tics i comprom\u00eds mediambiental, procurant una reducci\u00f3 d&#8217;emissions de CO2. <\/p>\n<p>Pel que fa al suport t\u00e8cnic, efectivament \u00e9s un element diferenciador davant d&#8217;altres marques i d&#8217;altres distribu\u00efdors. <\/p>\n<p>&nbsp;<\/p>\n<p><a href=\"https:\/\/www.sistemas-catalunya.com\/ca\/\" target=\"_blank\" rel=\"noopener\">Sistemes Digitals<\/a> <strong>\u00e9s una empresa que valora el comprom\u00eds social?<\/strong><\/p>\n<p>Totalment. La nostra activitat integra criteris de desenvolupament sostenible que garanteixen una gesti\u00f3 adequada dels recursos i una protecci\u00f3 de l&#8217;entorn. A m\u00e9s, hem creat la gamma Green Line integrada per una l\u00ednia de productes amb qu\u00e8 intentem limitar els residus, augmentar la reutilitzaci\u00f3 i reciclar recursos. Pel que fa a la gesti\u00f3 de residus, estem adherits a la Fundaci\u00f3 Ecofim\u00e0tica, homologada per a la recollida i el tractament dels residus electr\u00f2nics d&#8217;impressores i copiadores.   <\/p>\n<p>D&#8217;altra banda, amb la voluntat de contribuir a la construcci\u00f3 d&#8217;un m\u00f3n m\u00e9s just <a href=\"https:\/\/www.sistemas-catalunya.com\/ca\/\" target=\"_blank\" rel=\"noopener\">Sistemes Digitals<\/a> fa uns anys va emprendre un programa de col\u00b7laboraci\u00f3 amb ONG i associacions implicades en projectes solidaris destinats a millorar la vida dels que suporten condicions m\u00e9s dif\u00edcils. Aquest \u00e9s un altre dels nostres compromisos, perqu\u00e8 valorem tenir una implicaci\u00f3 social, com tamb\u00e9 fem a trav\u00e9s de l&#8217;esponsoritzaci\u00f3. <\/p>\n<p>&nbsp;<\/p>\n<p><strong>Una esponsoritzaci\u00f3 centrada en les activitats esportives?<\/strong><\/p>\n<p>Des de fa uns quants anys som esp\u00f2nsors d&#8217;algunes marques i activitats esportives com PortAventura World, el patrocini del futbol catal\u00e0 amb el Girona FC, el CE Sabadell i l&#8217;Atl\u00e8tic Segre, el Tennis al Torneig Comte God\u00f3, o el Reial Club de Golf El Prat. <\/p>\n<p>&nbsp;<\/p>\n<p><strong>Per qu\u00e8 decantar-se per Ricoh davant d&#8217;altres marques?<\/strong><\/p>\n<p>Perqu\u00e8 des de fa 15 anys Ricoh t\u00e9 els productes m\u00e9s innovadors del mercat i la tecnologia permet que els seus clients obtinguin una alta rendibilitat i productivitat. I perqu\u00e8, sens dubte, oferim el millor i m\u00e9s especialitzat servei d&#8217;assist\u00e8ncia i suport t\u00e8cnic de tot el sector. <\/p>\n<p>&nbsp;<\/p>\n<p><strong>Quina \u00e9s lestrat\u00e8gia a futur?<\/strong><\/p>\n<p>El repte m\u00e9s important que la nostra Companyia t\u00e9 en els propers anys \u00e9s acompanyar els<br \/>\n clients a la Transformaci\u00f3 Digital de les seves organitzacions. Les plantilles estan compostes cada cop m\u00e9s per joves empleats que exigeixen una manera de treballar d&#8217;acord amb el seu dia a dia. \u00c9s imprescindible abra\u00e7ar les noves tecnologies per poder generar noves fonts d&#8217;ingressos.  <\/p>\n","protected":false},"excerpt":{"rendered":"<p>Entrevista de LA VANGUARDIA a Jos\u00e9 Luis Beguer, CEO de Sistemes Digitals Catalunya &#8211; Ricoh 30 Anys ajudant les empreses Catalanes a fer el salt Tecnol\u00f2gic. &#8220;La transformaci\u00f3 digital ajuda les organitzacions a ser m\u00e9s sostenibles, m\u00e9s eficients i m\u00e9s rendibles&#8221; Principal distribu\u00efdor de Ricoh a Catalunya, Sistemes Digitals fa tres d\u00e8cades que ajuda les [&hellip;]<\/p>\n","protected":false},"author":7,"featured_media":244616,"comment_status":"open","ping_status":"open","sticky":false,"template":"","format":"standard","meta":{"_acf_changed":false,"footnotes":""},"categories":[2],"tags":[],"class_list":["post-244333","post","type-post","status-publish","format-standard","has-post-thumbnail","hentry","category-noticies-sistemas-digitales"],"acf":[],"yoast_head":"<!-- This site is optimized with the Yoast SEO plugin v27.4 - https:\/\/yoast.com\/product\/yoast-seo-wordpress\/ -->\n<title>LA VANGUARDIA destaca l&#039;activitat tecnol\u00f2gica de Sistemes Catalunya - Sistemas Digitales<\/title>\n<meta name=\"description\" content=\"Entrevista de LA VANGUARDIA a Jos\u00e9 Luis Beguer, CEO de Sistemes Digitals Catalunya \u2013 Ricoh.\" \/>\n<meta name=\"robots\" content=\"index, follow, max-snippet:-1, max-image-preview:large, max-video-preview:-1\" \/>\n<link rel=\"canonical\" href=\"https:\/\/www.sistemas-catalunya.com\/ca\/la-vanguardia-destaca-lactivitat-tecnologica-de-sistemas-catalunya\/\" \/>\n<meta property=\"og:locale\" content=\"ca_ES\" \/>\n<meta property=\"og:type\" content=\"article\" \/>\n<meta property=\"og:title\" content=\"LA VANGUARDIA destaca l&#039;activitat tecnol\u00f2gica de Sistemes Catalunya - Sistemas Digitales\" \/>\n<meta property=\"og:description\" content=\"Entrevista de LA VANGUARDIA a Jos\u00e9 Luis Beguer, CEO de Sistemes Digitals Catalunya \u2013 Ricoh.\" \/>\n<meta property=\"og:url\" content=\"https:\/\/www.sistemas-catalunya.com\/ca\/la-vanguardia-destaca-lactivitat-tecnologica-de-sistemas-catalunya\/\" \/>\n<meta property=\"og:site_name\" content=\"Sistemas Digitales\" \/>\n<meta property=\"article:published_time\" content=\"2019-05-20T23:00:00+00:00\" \/>\n<meta property=\"article:modified_time\" content=\"2025-07-21T10:12:58+00:00\" \/>\n<meta property=\"og:image\" content=\"https:\/\/www.sistemas-catalunya.com\/wp-content\/uploads\/2020\/11\/17.jpg\" \/>\n\t<meta property=\"og:image:width\" content=\"1280\" \/>\n\t<meta property=\"og:image:height\" content=\"720\" \/>\n\t<meta property=\"og:image:type\" content=\"image\/jpeg\" \/>\n<meta name=\"author\" content=\"Equipo Sistemas Digitales\" \/>\n<meta name=\"twitter:card\" content=\"summary_large_image\" \/>\n<meta name=\"twitter:label1\" content=\"Escrit per\" \/>\n\t<meta name=\"twitter:data1\" content=\"Equipo Sistemas Digitales\" \/>\n\t<meta name=\"twitter:label2\" content=\"Temps estimat de lectura\" \/>\n\t<meta name=\"twitter:data2\" content=\"5 minuts\" \/>\n<script type=\"application\/ld+json\" class=\"yoast-schema-graph\">{\"@context\":\"https:\\\/\\\/schema.org\",\"@graph\":[{\"@type\":\"Article\",\"@id\":\"https:\\\/\\\/www.sistemas-catalunya.com\\\/ca\\\/la-vanguardia-destaca-lactivitat-tecnologica-de-sistemas-catalunya\\\/#article\",\"isPartOf\":{\"@id\":\"https:\\\/\\\/www.sistemas-catalunya.com\\\/ca\\\/la-vanguardia-destaca-lactivitat-tecnologica-de-sistemas-catalunya\\\/\"},\"author\":{\"name\":\"Equipo Sistemas Digitales\",\"@id\":\"https:\\\/\\\/www.sistemas-catalunya.com\\\/ca\\\/#\\\/schema\\\/person\\\/0e8685d60c5a2a9ea118a07de0f023eb\"},\"headline\":\"LA VANGUARDIA destaca l&#8217;activitat tecnol\u00f2gica de Sistemes Catalunya\",\"datePublished\":\"2019-05-20T23:00:00+00:00\",\"dateModified\":\"2025-07-21T10:12:58+00:00\",\"mainEntityOfPage\":{\"@id\":\"https:\\\/\\\/www.sistemas-catalunya.com\\\/ca\\\/la-vanguardia-destaca-lactivitat-tecnologica-de-sistemas-catalunya\\\/\"},\"wordCount\":1151,\"commentCount\":0,\"image\":{\"@id\":\"https:\\\/\\\/www.sistemas-catalunya.com\\\/ca\\\/la-vanguardia-destaca-lactivitat-tecnologica-de-sistemas-catalunya\\\/#primaryimage\"},\"thumbnailUrl\":\"https:\\\/\\\/www.sistemas-catalunya.com\\\/wp-content\\\/uploads\\\/2020\\\/11\\\/17.jpg\",\"articleSection\":[\"Not\u00edcies Sistemas Digitales\"],\"inLanguage\":\"ca\",\"potentialAction\":[{\"@type\":\"CommentAction\",\"name\":\"Comment\",\"target\":[\"https:\\\/\\\/www.sistemas-catalunya.com\\\/ca\\\/la-vanguardia-destaca-lactivitat-tecnologica-de-sistemas-catalunya\\\/#respond\"]}]},{\"@type\":\"WebPage\",\"@id\":\"https:\\\/\\\/www.sistemas-catalunya.com\\\/ca\\\/la-vanguardia-destaca-lactivitat-tecnologica-de-sistemas-catalunya\\\/\",\"url\":\"https:\\\/\\\/www.sistemas-catalunya.com\\\/ca\\\/la-vanguardia-destaca-lactivitat-tecnologica-de-sistemas-catalunya\\\/\",\"name\":\"LA VANGUARDIA destaca l'activitat tecnol\u00f2gica de Sistemes Catalunya - Sistemas Digitales\",\"isPartOf\":{\"@id\":\"https:\\\/\\\/www.sistemas-catalunya.com\\\/ca\\\/#website\"},\"primaryImageOfPage\":{\"@id\":\"https:\\\/\\\/www.sistemas-catalunya.com\\\/ca\\\/la-vanguardia-destaca-lactivitat-tecnologica-de-sistemas-catalunya\\\/#primaryimage\"},\"image\":{\"@id\":\"https:\\\/\\\/www.sistemas-catalunya.com\\\/ca\\\/la-vanguardia-destaca-lactivitat-tecnologica-de-sistemas-catalunya\\\/#primaryimage\"},\"thumbnailUrl\":\"https:\\\/\\\/www.sistemas-catalunya.com\\\/wp-content\\\/uploads\\\/2020\\\/11\\\/17.jpg\",\"datePublished\":\"2019-05-20T23:00:00+00:00\",\"dateModified\":\"2025-07-21T10:12:58+00:00\",\"author\":{\"@id\":\"https:\\\/\\\/www.sistemas-catalunya.com\\\/ca\\\/#\\\/schema\\\/person\\\/0e8685d60c5a2a9ea118a07de0f023eb\"},\"description\":\"Entrevista de LA VANGUARDIA a Jos\u00e9 Luis Beguer, CEO de Sistemes Digitals Catalunya \u2013 Ricoh.\",\"breadcrumb\":{\"@id\":\"https:\\\/\\\/www.sistemas-catalunya.com\\\/ca\\\/la-vanguardia-destaca-lactivitat-tecnologica-de-sistemas-catalunya\\\/#breadcrumb\"},\"inLanguage\":\"ca\",\"potentialAction\":[{\"@type\":\"ReadAction\",\"target\":[\"https:\\\/\\\/www.sistemas-catalunya.com\\\/ca\\\/la-vanguardia-destaca-lactivitat-tecnologica-de-sistemas-catalunya\\\/\"]}]},{\"@type\":\"ImageObject\",\"inLanguage\":\"ca\",\"@id\":\"https:\\\/\\\/www.sistemas-catalunya.com\\\/ca\\\/la-vanguardia-destaca-lactivitat-tecnologica-de-sistemas-catalunya\\\/#primaryimage\",\"url\":\"https:\\\/\\\/www.sistemas-catalunya.com\\\/wp-content\\\/uploads\\\/2020\\\/11\\\/17.jpg\",\"contentUrl\":\"https:\\\/\\\/www.sistemas-catalunya.com\\\/wp-content\\\/uploads\\\/2020\\\/11\\\/17.jpg\",\"width\":1280,\"height\":720,\"caption\":\"17\"},{\"@type\":\"BreadcrumbList\",\"@id\":\"https:\\\/\\\/www.sistemas-catalunya.com\\\/ca\\\/la-vanguardia-destaca-lactivitat-tecnologica-de-sistemas-catalunya\\\/#breadcrumb\",\"itemListElement\":[{\"@type\":\"ListItem\",\"position\":1,\"name\":\"Sistemas Catalunya\",\"item\":\"https:\\\/\\\/www.sistemas-catalunya.com\\\/ca\\\/\"},{\"@type\":\"ListItem\",\"position\":2,\"name\":\"LA VANGUARDIA destaca l&#8217;activitat tecnol\u00f2gica de Sistemes Catalunya\"}]},{\"@type\":\"WebSite\",\"@id\":\"https:\\\/\\\/www.sistemas-catalunya.com\\\/ca\\\/#website\",\"url\":\"https:\\\/\\\/www.sistemas-catalunya.com\\\/ca\\\/\",\"name\":\"Sistemas Digitales\",\"description\":\"Renting de Impresoras y Fotocopiadoras ...\",\"potentialAction\":[{\"@type\":\"SearchAction\",\"target\":{\"@type\":\"EntryPoint\",\"urlTemplate\":\"https:\\\/\\\/www.sistemas-catalunya.com\\\/ca\\\/?s={search_term_string}\"},\"query-input\":{\"@type\":\"PropertyValueSpecification\",\"valueRequired\":true,\"valueName\":\"search_term_string\"}}],\"inLanguage\":\"ca\"},{\"@type\":\"Person\",\"@id\":\"https:\\\/\\\/www.sistemas-catalunya.com\\\/ca\\\/#\\\/schema\\\/person\\\/0e8685d60c5a2a9ea118a07de0f023eb\",\"name\":\"Equipo Sistemas Digitales\",\"image\":{\"@type\":\"ImageObject\",\"inLanguage\":\"ca\",\"@id\":\"https:\\\/\\\/secure.gravatar.com\\\/avatar\\\/ec335ddbf628e32b733bae25c902ee849b9b8e4b3ed348c566d53642133e8df7?s=96&d=mm&r=g\",\"url\":\"https:\\\/\\\/secure.gravatar.com\\\/avatar\\\/ec335ddbf628e32b733bae25c902ee849b9b8e4b3ed348c566d53642133e8df7?s=96&d=mm&r=g\",\"contentUrl\":\"https:\\\/\\\/secure.gravatar.com\\\/avatar\\\/ec335ddbf628e32b733bae25c902ee849b9b8e4b3ed348c566d53642133e8df7?s=96&d=mm&r=g\",\"caption\":\"Equipo Sistemas Digitales\"},\"description\":\"En Sistemas Catalunya ofrecemos alquiler de impresoras con soporte t\u00e9cnico y flexibilidad para actualizar equipos. Disfrute de calidad y un servicio al cliente excepcional.\"}]}<\/script>\n<!-- \/ Yoast SEO plugin. -->","yoast_head_json":{"title":"LA VANGUARDIA destaca l'activitat tecnol\u00f2gica de Sistemes Catalunya - Sistemas Digitales","description":"Entrevista de LA VANGUARDIA a Jos\u00e9 Luis Beguer, CEO de Sistemes Digitals Catalunya \u2013 Ricoh.","robots":{"index":"index","follow":"follow","max-snippet":"max-snippet:-1","max-image-preview":"max-image-preview:large","max-video-preview":"max-video-preview:-1"},"canonical":"https:\/\/www.sistemas-catalunya.com\/ca\/la-vanguardia-destaca-lactivitat-tecnologica-de-sistemas-catalunya\/","og_locale":"ca_ES","og_type":"article","og_title":"LA VANGUARDIA destaca l'activitat tecnol\u00f2gica de Sistemes Catalunya - Sistemas Digitales","og_description":"Entrevista de LA VANGUARDIA a Jos\u00e9 Luis Beguer, CEO de Sistemes Digitals Catalunya \u2013 Ricoh.","og_url":"https:\/\/www.sistemas-catalunya.com\/ca\/la-vanguardia-destaca-lactivitat-tecnologica-de-sistemas-catalunya\/","og_site_name":"Sistemas Digitales","article_published_time":"2019-05-20T23:00:00+00:00","article_modified_time":"2025-07-21T10:12:58+00:00","og_image":[{"width":1280,"height":720,"url":"https:\/\/www.sistemas-catalunya.com\/wp-content\/uploads\/2020\/11\/17.jpg","type":"image\/jpeg"}],"author":"Equipo Sistemas Digitales","twitter_card":"summary_large_image","twitter_misc":{"Escrit per":"Equipo Sistemas Digitales","Temps estimat de lectura":"5 minuts"},"schema":{"@context":"https:\/\/schema.org","@graph":[{"@type":"Article","@id":"https:\/\/www.sistemas-catalunya.com\/ca\/la-vanguardia-destaca-lactivitat-tecnologica-de-sistemas-catalunya\/#article","isPartOf":{"@id":"https:\/\/www.sistemas-catalunya.com\/ca\/la-vanguardia-destaca-lactivitat-tecnologica-de-sistemas-catalunya\/"},"author":{"name":"Equipo Sistemas Digitales","@id":"https:\/\/www.sistemas-catalunya.com\/ca\/#\/schema\/person\/0e8685d60c5a2a9ea118a07de0f023eb"},"headline":"LA VANGUARDIA destaca l&#8217;activitat tecnol\u00f2gica de Sistemes Catalunya","datePublished":"2019-05-20T23:00:00+00:00","dateModified":"2025-07-21T10:12:58+00:00","mainEntityOfPage":{"@id":"https:\/\/www.sistemas-catalunya.com\/ca\/la-vanguardia-destaca-lactivitat-tecnologica-de-sistemas-catalunya\/"},"wordCount":1151,"commentCount":0,"image":{"@id":"https:\/\/www.sistemas-catalunya.com\/ca\/la-vanguardia-destaca-lactivitat-tecnologica-de-sistemas-catalunya\/#primaryimage"},"thumbnailUrl":"https:\/\/www.sistemas-catalunya.com\/wp-content\/uploads\/2020\/11\/17.jpg","articleSection":["Not\u00edcies Sistemas Digitales"],"inLanguage":"ca","potentialAction":[{"@type":"CommentAction","name":"Comment","target":["https:\/\/www.sistemas-catalunya.com\/ca\/la-vanguardia-destaca-lactivitat-tecnologica-de-sistemas-catalunya\/#respond"]}]},{"@type":"WebPage","@id":"https:\/\/www.sistemas-catalunya.com\/ca\/la-vanguardia-destaca-lactivitat-tecnologica-de-sistemas-catalunya\/","url":"https:\/\/www.sistemas-catalunya.com\/ca\/la-vanguardia-destaca-lactivitat-tecnologica-de-sistemas-catalunya\/","name":"LA VANGUARDIA destaca l'activitat tecnol\u00f2gica de Sistemes Catalunya - Sistemas Digitales","isPartOf":{"@id":"https:\/\/www.sistemas-catalunya.com\/ca\/#website"},"primaryImageOfPage":{"@id":"https:\/\/www.sistemas-catalunya.com\/ca\/la-vanguardia-destaca-lactivitat-tecnologica-de-sistemas-catalunya\/#primaryimage"},"image":{"@id":"https:\/\/www.sistemas-catalunya.com\/ca\/la-vanguardia-destaca-lactivitat-tecnologica-de-sistemas-catalunya\/#primaryimage"},"thumbnailUrl":"https:\/\/www.sistemas-catalunya.com\/wp-content\/uploads\/2020\/11\/17.jpg","datePublished":"2019-05-20T23:00:00+00:00","dateModified":"2025-07-21T10:12:58+00:00","author":{"@id":"https:\/\/www.sistemas-catalunya.com\/ca\/#\/schema\/person\/0e8685d60c5a2a9ea118a07de0f023eb"},"description":"Entrevista de LA VANGUARDIA a Jos\u00e9 Luis Beguer, CEO de Sistemes Digitals Catalunya \u2013 Ricoh.","breadcrumb":{"@id":"https:\/\/www.sistemas-catalunya.com\/ca\/la-vanguardia-destaca-lactivitat-tecnologica-de-sistemas-catalunya\/#breadcrumb"},"inLanguage":"ca","potentialAction":[{"@type":"ReadAction","target":["https:\/\/www.sistemas-catalunya.com\/ca\/la-vanguardia-destaca-lactivitat-tecnologica-de-sistemas-catalunya\/"]}]},{"@type":"ImageObject","inLanguage":"ca","@id":"https:\/\/www.sistemas-catalunya.com\/ca\/la-vanguardia-destaca-lactivitat-tecnologica-de-sistemas-catalunya\/#primaryimage","url":"https:\/\/www.sistemas-catalunya.com\/wp-content\/uploads\/2020\/11\/17.jpg","contentUrl":"https:\/\/www.sistemas-catalunya.com\/wp-content\/uploads\/2020\/11\/17.jpg","width":1280,"height":720,"caption":"17"},{"@type":"BreadcrumbList","@id":"https:\/\/www.sistemas-catalunya.com\/ca\/la-vanguardia-destaca-lactivitat-tecnologica-de-sistemas-catalunya\/#breadcrumb","itemListElement":[{"@type":"ListItem","position":1,"name":"Sistemas Catalunya","item":"https:\/\/www.sistemas-catalunya.com\/ca\/"},{"@type":"ListItem","position":2,"name":"LA VANGUARDIA destaca l&#8217;activitat tecnol\u00f2gica de Sistemes Catalunya"}]},{"@type":"WebSite","@id":"https:\/\/www.sistemas-catalunya.com\/ca\/#website","url":"https:\/\/www.sistemas-catalunya.com\/ca\/","name":"Sistemas Digitales","description":"Renting de Impresoras y Fotocopiadoras ...","potentialAction":[{"@type":"SearchAction","target":{"@type":"EntryPoint","urlTemplate":"https:\/\/www.sistemas-catalunya.com\/ca\/?s={search_term_string}"},"query-input":{"@type":"PropertyValueSpecification","valueRequired":true,"valueName":"search_term_string"}}],"inLanguage":"ca"},{"@type":"Person","@id":"https:\/\/www.sistemas-catalunya.com\/ca\/#\/schema\/person\/0e8685d60c5a2a9ea118a07de0f023eb","name":"Equipo Sistemas Digitales","image":{"@type":"ImageObject","inLanguage":"ca","@id":"https:\/\/secure.gravatar.com\/avatar\/ec335ddbf628e32b733bae25c902ee849b9b8e4b3ed348c566d53642133e8df7?s=96&d=mm&r=g","url":"https:\/\/secure.gravatar.com\/avatar\/ec335ddbf628e32b733bae25c902ee849b9b8e4b3ed348c566d53642133e8df7?s=96&d=mm&r=g","contentUrl":"https:\/\/secure.gravatar.com\/avatar\/ec335ddbf628e32b733bae25c902ee849b9b8e4b3ed348c566d53642133e8df7?s=96&d=mm&r=g","caption":"Equipo Sistemas Digitales"},"description":"En Sistemas Catalunya ofrecemos alquiler de impresoras con soporte t\u00e9cnico y flexibilidad para actualizar equipos. Disfrute de calidad y un servicio al cliente excepcional."}]}},"_links":{"self":[{"href":"https:\/\/www.sistemas-catalunya.com\/ca\/wp-json\/wp\/v2\/posts\/244333","targetHints":{"allow":["GET"]}}],"collection":[{"href":"https:\/\/www.sistemas-catalunya.com\/ca\/wp-json\/wp\/v2\/posts"}],"about":[{"href":"https:\/\/www.sistemas-catalunya.com\/ca\/wp-json\/wp\/v2\/types\/post"}],"author":[{"embeddable":true,"href":"https:\/\/www.sistemas-catalunya.com\/ca\/wp-json\/wp\/v2\/users\/7"}],"replies":[{"embeddable":true,"href":"https:\/\/www.sistemas-catalunya.com\/ca\/wp-json\/wp\/v2\/comments?post=244333"}],"version-history":[{"count":1,"href":"https:\/\/www.sistemas-catalunya.com\/ca\/wp-json\/wp\/v2\/posts\/244333\/revisions"}],"predecessor-version":[{"id":270071,"href":"https:\/\/www.sistemas-catalunya.com\/ca\/wp-json\/wp\/v2\/posts\/244333\/revisions\/270071"}],"wp:featuredmedia":[{"embeddable":true,"href":"https:\/\/www.sistemas-catalunya.com\/ca\/wp-json\/wp\/v2\/media\/244616"}],"wp:attachment":[{"href":"https:\/\/www.sistemas-catalunya.com\/ca\/wp-json\/wp\/v2\/media?parent=244333"}],"wp:term":[{"taxonomy":"category","embeddable":true,"href":"https:\/\/www.sistemas-catalunya.com\/ca\/wp-json\/wp\/v2\/categories?post=244333"},{"taxonomy":"post_tag","embeddable":true,"href":"https:\/\/www.sistemas-catalunya.com\/ca\/wp-json\/wp\/v2\/tags?post=244333"}],"curies":[{"name":"wp","href":"https:\/\/api.w.org\/{rel}","templated":true}]}}