{"id":246128,"date":"2021-02-19T12:51:45","date_gmt":"2021-02-19T11:51:45","guid":{"rendered":"https:\/\/www.sistemas-catalunya.com\/?p=246128"},"modified":"2021-02-19T13:57:44","modified_gmt":"2021-02-19T12:57:44","slug":"la-pandemia-agreuja-el-risc-de-les-pimes-de-perdre-empleats-per-no-estar-preparades-pel-teletreball","status":"publish","type":"post","link":"https:\/\/www.sistemas-catalunya.com\/ca\/la-pandemia-agreuja-el-risc-de-les-pimes-de-perdre-empleats-per-no-estar-preparades-pel-teletreball\/","title":{"rendered":"La pand\u00e8mia agreuja el risc de les pimes de perdre empleats per no estar preparades pel teletreball"},"content":{"rendered":"<p>El teletreball ha augmentat considerablement desde la pand\u00e8mia de la Covid-19. Concretament a Espanya, el treball remot ha augmentat del 6% al 26% desde el confinament provocat per la pand\u00e8mia, segons un estudi de Fotocasa Research.<\/p>\n<p>Tant empleats com empresaris han hagut de fer un esfor\u00e7 extra per adaptar-se a aquesta nova realitat. Aix\u00f2 ha posat de manifest quines empreses estan preparades per al teletreball i quines no.<\/p>\n<p>En aquest sentit, analitzem el nou informe de Ricoh Europa, basat en un estudi realitzat per Opinium Research. Aquest informe revela que al 29% dels enquestats li resulta dif\u00edcil estar motivat mentre teletreballa, degut a problemes de comunicaci\u00f3 i tecnologia. A m\u00e9s, el 26% se sent menys productiu a causa de les limitacions de la comunicaci\u00f3 i la tecnologia amb la qu\u00e8 compta. Per aquesta ra\u00f3, segons l&#8217;enquesta realitzada a 500 treballadors d&#8217;oficina espanyols en el marc de l&#8217;esmentat informe, <strong>&#8220;les pimes espanyoles tenen un 42% m\u00e9s de possibilitats que les grans empreses de perdre empleats a causa de les frustracions tecnol\u00f2giques sorgides a l&#8217;hora de teletreballar&#8221;<\/strong>. En conseq\u00fc\u00e8ncia, un de cada quatre empleats es planteja canviar a una empresa millor equipada tecnol\u00f2gicament.<\/p>\n<p>A m\u00e9s, a llarg termini sembla que aquesta nova forma de treballar ha vingut para quedar-se. I \u00e9s que, segons aquest estudi, el 34% dels enquestats considera que el treball a dist\u00e0ncia podr\u00eda ser indefinit en la seva empresa. A m\u00e9s, el 53% creu que &#8220;l&#8217;oficina tradicional no existir\u00e0 com a tal en 10 anys&#8221;. Aix\u00f2 pot semblar descoratjador per a les pimes que no estiguin ben equipades, per\u00f2 realitzar la transici\u00f3 digital \u00e9s un pas que totes poden dur a terme, i d&#8217;aquesta manera complir les expectatives dels seus empleats i clients.<\/p>\n<p>Sembla evident que ens trobem en un moment de crisi mundial en qu\u00e8 \u00e9s especialment important impulsar el creixement del nostre negoci. Per aix\u00f2 pot semblar alarmant que el 24% dels enquestats declari &#8220;no tenir les eines necess\u00e0ries per oferir els millors resultats als clients&#8221;.<\/p>\n<p>En definitiva, la crisi del Coronavirus ha accelerat el proc\u00e9s de la transformaci\u00f3 digital, que inclou, entre d&#8217;altres coses, els instruments per teletreballar de manera eficient. I aqu\u00ed entrem nosaltres. Com b\u00e9 saps, a Sistemas Digitales som experts en el lloc de treball digital, i posem al teu servei el nostre coneixement en solucions per al teletreball, infraestructura i serveis en el n\u00favol. Posa&#8217;t en <a href=\"https:\/\/www.sistemas-catalunya.com\/ca\/contacte-localizacions\/\">contacte<\/a> amb nosaltres i descobreix com connectar els teus col\u00b7laboradors i com mantenir el teu negoci en marxa amb normalitat.<\/p>\n","protected":false},"excerpt":{"rendered":"<p>El teletreball ha augmentat considerablement desde la pand\u00e8mia de la Covid-19. Concretament a Espanya, el treball remot ha augmentat del 6% al 26% desde el confinament provocat per la pand\u00e8mia, segons un estudi de Fotocasa Research. Tant empleats com empresaris han hagut de fer un esfor\u00e7 extra per adaptar-se a aquesta nova realitat. Aix\u00f2 ha [&hellip;]<\/p>\n","protected":false},"author":7,"featured_media":246124,"comment_status":"open","ping_status":"open","sticky":false,"template":"","format":"standard","meta":{"_acf_changed":false,"footnotes":""},"categories":[200],"tags":[],"class_list":["post-246128","post","type-post","status-publish","format-standard","has-post-thumbnail","hentry","category-transformacio-digital"],"acf":[],"yoast_head":"<!-- This site is optimized with the Yoast SEO plugin v27.4 - https:\/\/yoast.com\/product\/yoast-seo-wordpress\/ -->\n<title>La Covid-19 agreuja el risc de perdre empleats pel teletreball<\/title>\n<meta name=\"description\" content=\"El teletreball ha augmentat a causa de la Covid-19, i els empleats est\u00e0n sofrint frustracions tecnol\u00f2giques a l&#039;hora de teletreballar.\" \/>\n<meta name=\"robots\" content=\"index, follow, max-snippet:-1, max-image-preview:large, max-video-preview:-1\" \/>\n<link rel=\"canonical\" href=\"https:\/\/www.sistemas-catalunya.com\/ca\/la-pandemia-agreuja-el-risc-de-les-pimes-de-perdre-empleats-per-no-estar-preparades-pel-teletreball\/\" \/>\n<meta property=\"og:locale\" content=\"ca_ES\" \/>\n<meta property=\"og:type\" content=\"article\" \/>\n<meta property=\"og:title\" content=\"La Covid-19 agreuja el risc de perdre empleats pel teletreball\" \/>\n<meta property=\"og:description\" content=\"El teletreball ha augmentat a causa de la Covid-19, i els empleats est\u00e0n sofrint frustracions tecnol\u00f2giques a l&#039;hora de teletreballar.\" \/>\n<meta property=\"og:url\" content=\"https:\/\/www.sistemas-catalunya.com\/ca\/la-pandemia-agreuja-el-risc-de-les-pimes-de-perdre-empleats-per-no-estar-preparades-pel-teletreball\/\" \/>\n<meta property=\"og:site_name\" content=\"Sistemas Digitales\" \/>\n<meta property=\"article:published_time\" content=\"2021-02-19T11:51:45+00:00\" \/>\n<meta property=\"article:modified_time\" content=\"2021-02-19T12:57:44+00:00\" \/>\n<meta property=\"og:image\" content=\"https:\/\/www.sistemas-catalunya.com\/wp-content\/uploads\/2021\/02\/teletrabajo-covid-1.jpg\" \/>\n\t<meta property=\"og:image:width\" content=\"1280\" \/>\n\t<meta property=\"og:image:height\" content=\"720\" \/>\n\t<meta property=\"og:image:type\" content=\"image\/jpeg\" \/>\n<meta name=\"author\" content=\"Equipo Sistemas Digitales\" \/>\n<meta name=\"twitter:card\" content=\"summary_large_image\" \/>\n<meta name=\"twitter:label1\" content=\"Escrit per\" \/>\n\t<meta name=\"twitter:data1\" content=\"Equipo Sistemas Digitales\" \/>\n\t<meta name=\"twitter:label2\" content=\"Temps estimat de lectura\" \/>\n\t<meta name=\"twitter:data2\" content=\"2 minuts\" \/>\n<script type=\"application\/ld+json\" class=\"yoast-schema-graph\">{\"@context\":\"https:\\\/\\\/schema.org\",\"@graph\":[{\"@type\":\"Article\",\"@id\":\"https:\\\/\\\/www.sistemas-catalunya.com\\\/ca\\\/la-pandemia-agreuja-el-risc-de-les-pimes-de-perdre-empleats-per-no-estar-preparades-pel-teletreball\\\/#article\",\"isPartOf\":{\"@id\":\"https:\\\/\\\/www.sistemas-catalunya.com\\\/ca\\\/la-pandemia-agreuja-el-risc-de-les-pimes-de-perdre-empleats-per-no-estar-preparades-pel-teletreball\\\/\"},\"author\":{\"name\":\"Equipo Sistemas Digitales\",\"@id\":\"https:\\\/\\\/www.sistemas-catalunya.com\\\/ca\\\/#\\\/schema\\\/person\\\/0e8685d60c5a2a9ea118a07de0f023eb\"},\"headline\":\"La pand\u00e8mia agreuja el risc de les pimes de perdre empleats per no estar preparades pel teletreball\",\"datePublished\":\"2021-02-19T11:51:45+00:00\",\"dateModified\":\"2021-02-19T12:57:44+00:00\",\"mainEntityOfPage\":{\"@id\":\"https:\\\/\\\/www.sistemas-catalunya.com\\\/ca\\\/la-pandemia-agreuja-el-risc-de-les-pimes-de-perdre-empleats-per-no-estar-preparades-pel-teletreball\\\/\"},\"wordCount\":446,\"commentCount\":0,\"image\":{\"@id\":\"https:\\\/\\\/www.sistemas-catalunya.com\\\/ca\\\/la-pandemia-agreuja-el-risc-de-les-pimes-de-perdre-empleats-per-no-estar-preparades-pel-teletreball\\\/#primaryimage\"},\"thumbnailUrl\":\"https:\\\/\\\/www.sistemas-catalunya.com\\\/wp-content\\\/uploads\\\/2021\\\/02\\\/teletrabajo-covid-1.jpg\",\"articleSection\":[\"Transformaci\u00f3 Digital\"],\"inLanguage\":\"ca\",\"potentialAction\":[{\"@type\":\"CommentAction\",\"name\":\"Comment\",\"target\":[\"https:\\\/\\\/www.sistemas-catalunya.com\\\/ca\\\/la-pandemia-agreuja-el-risc-de-les-pimes-de-perdre-empleats-per-no-estar-preparades-pel-teletreball\\\/#respond\"]}]},{\"@type\":\"WebPage\",\"@id\":\"https:\\\/\\\/www.sistemas-catalunya.com\\\/ca\\\/la-pandemia-agreuja-el-risc-de-les-pimes-de-perdre-empleats-per-no-estar-preparades-pel-teletreball\\\/\",\"url\":\"https:\\\/\\\/www.sistemas-catalunya.com\\\/ca\\\/la-pandemia-agreuja-el-risc-de-les-pimes-de-perdre-empleats-per-no-estar-preparades-pel-teletreball\\\/\",\"name\":\"La Covid-19 agreuja el risc de perdre empleats pel teletreball\",\"isPartOf\":{\"@id\":\"https:\\\/\\\/www.sistemas-catalunya.com\\\/ca\\\/#website\"},\"primaryImageOfPage\":{\"@id\":\"https:\\\/\\\/www.sistemas-catalunya.com\\\/ca\\\/la-pandemia-agreuja-el-risc-de-les-pimes-de-perdre-empleats-per-no-estar-preparades-pel-teletreball\\\/#primaryimage\"},\"image\":{\"@id\":\"https:\\\/\\\/www.sistemas-catalunya.com\\\/ca\\\/la-pandemia-agreuja-el-risc-de-les-pimes-de-perdre-empleats-per-no-estar-preparades-pel-teletreball\\\/#primaryimage\"},\"thumbnailUrl\":\"https:\\\/\\\/www.sistemas-catalunya.com\\\/wp-content\\\/uploads\\\/2021\\\/02\\\/teletrabajo-covid-1.jpg\",\"datePublished\":\"2021-02-19T11:51:45+00:00\",\"dateModified\":\"2021-02-19T12:57:44+00:00\",\"author\":{\"@id\":\"https:\\\/\\\/www.sistemas-catalunya.com\\\/ca\\\/#\\\/schema\\\/person\\\/0e8685d60c5a2a9ea118a07de0f023eb\"},\"description\":\"El teletreball ha augmentat a causa de la Covid-19, i els empleats est\u00e0n sofrint frustracions tecnol\u00f2giques a l'hora de teletreballar.\",\"breadcrumb\":{\"@id\":\"https:\\\/\\\/www.sistemas-catalunya.com\\\/ca\\\/la-pandemia-agreuja-el-risc-de-les-pimes-de-perdre-empleats-per-no-estar-preparades-pel-teletreball\\\/#breadcrumb\"},\"inLanguage\":\"ca\",\"potentialAction\":[{\"@type\":\"ReadAction\",\"target\":[\"https:\\\/\\\/www.sistemas-catalunya.com\\\/ca\\\/la-pandemia-agreuja-el-risc-de-les-pimes-de-perdre-empleats-per-no-estar-preparades-pel-teletreball\\\/\"]}]},{\"@type\":\"ImageObject\",\"inLanguage\":\"ca\",\"@id\":\"https:\\\/\\\/www.sistemas-catalunya.com\\\/ca\\\/la-pandemia-agreuja-el-risc-de-les-pimes-de-perdre-empleats-per-no-estar-preparades-pel-teletreball\\\/#primaryimage\",\"url\":\"https:\\\/\\\/www.sistemas-catalunya.com\\\/wp-content\\\/uploads\\\/2021\\\/02\\\/teletrabajo-covid-1.jpg\",\"contentUrl\":\"https:\\\/\\\/www.sistemas-catalunya.com\\\/wp-content\\\/uploads\\\/2021\\\/02\\\/teletrabajo-covid-1.jpg\",\"width\":1280,\"height\":720,\"caption\":\"teletrabajo-covid-1\"},{\"@type\":\"BreadcrumbList\",\"@id\":\"https:\\\/\\\/www.sistemas-catalunya.com\\\/ca\\\/la-pandemia-agreuja-el-risc-de-les-pimes-de-perdre-empleats-per-no-estar-preparades-pel-teletreball\\\/#breadcrumb\",\"itemListElement\":[{\"@type\":\"ListItem\",\"position\":1,\"name\":\"Sistemas Catalunya\",\"item\":\"https:\\\/\\\/www.sistemas-catalunya.com\\\/ca\\\/\"},{\"@type\":\"ListItem\",\"position\":2,\"name\":\"La pand\u00e8mia agreuja el risc de les pimes de perdre empleats per no estar preparades pel teletreball\"}]},{\"@type\":\"WebSite\",\"@id\":\"https:\\\/\\\/www.sistemas-catalunya.com\\\/ca\\\/#website\",\"url\":\"https:\\\/\\\/www.sistemas-catalunya.com\\\/ca\\\/\",\"name\":\"Sistemas Digitales\",\"description\":\"Renting de Impresoras y Fotocopiadoras ...\",\"potentialAction\":[{\"@type\":\"SearchAction\",\"target\":{\"@type\":\"EntryPoint\",\"urlTemplate\":\"https:\\\/\\\/www.sistemas-catalunya.com\\\/ca\\\/?s={search_term_string}\"},\"query-input\":{\"@type\":\"PropertyValueSpecification\",\"valueRequired\":true,\"valueName\":\"search_term_string\"}}],\"inLanguage\":\"ca\"},{\"@type\":\"Person\",\"@id\":\"https:\\\/\\\/www.sistemas-catalunya.com\\\/ca\\\/#\\\/schema\\\/person\\\/0e8685d60c5a2a9ea118a07de0f023eb\",\"name\":\"Equipo Sistemas Digitales\",\"image\":{\"@type\":\"ImageObject\",\"inLanguage\":\"ca\",\"@id\":\"https:\\\/\\\/secure.gravatar.com\\\/avatar\\\/ec335ddbf628e32b733bae25c902ee849b9b8e4b3ed348c566d53642133e8df7?s=96&d=mm&r=g\",\"url\":\"https:\\\/\\\/secure.gravatar.com\\\/avatar\\\/ec335ddbf628e32b733bae25c902ee849b9b8e4b3ed348c566d53642133e8df7?s=96&d=mm&r=g\",\"contentUrl\":\"https:\\\/\\\/secure.gravatar.com\\\/avatar\\\/ec335ddbf628e32b733bae25c902ee849b9b8e4b3ed348c566d53642133e8df7?s=96&d=mm&r=g\",\"caption\":\"Equipo Sistemas Digitales\"},\"description\":\"En Sistemas Catalunya ofrecemos alquiler de impresoras con soporte t\u00e9cnico y flexibilidad para actualizar equipos. Disfrute de calidad y un servicio al cliente excepcional.\"}]}<\/script>\n<!-- \/ Yoast SEO plugin. -->","yoast_head_json":{"title":"La Covid-19 agreuja el risc de perdre empleats pel teletreball","description":"El teletreball ha augmentat a causa de la Covid-19, i els empleats est\u00e0n sofrint frustracions tecnol\u00f2giques a l'hora de teletreballar.","robots":{"index":"index","follow":"follow","max-snippet":"max-snippet:-1","max-image-preview":"max-image-preview:large","max-video-preview":"max-video-preview:-1"},"canonical":"https:\/\/www.sistemas-catalunya.com\/ca\/la-pandemia-agreuja-el-risc-de-les-pimes-de-perdre-empleats-per-no-estar-preparades-pel-teletreball\/","og_locale":"ca_ES","og_type":"article","og_title":"La Covid-19 agreuja el risc de perdre empleats pel teletreball","og_description":"El teletreball ha augmentat a causa de la Covid-19, i els empleats est\u00e0n sofrint frustracions tecnol\u00f2giques a l'hora de teletreballar.","og_url":"https:\/\/www.sistemas-catalunya.com\/ca\/la-pandemia-agreuja-el-risc-de-les-pimes-de-perdre-empleats-per-no-estar-preparades-pel-teletreball\/","og_site_name":"Sistemas Digitales","article_published_time":"2021-02-19T11:51:45+00:00","article_modified_time":"2021-02-19T12:57:44+00:00","og_image":[{"width":1280,"height":720,"url":"https:\/\/www.sistemas-catalunya.com\/wp-content\/uploads\/2021\/02\/teletrabajo-covid-1.jpg","type":"image\/jpeg"}],"author":"Equipo Sistemas Digitales","twitter_card":"summary_large_image","twitter_misc":{"Escrit per":"Equipo Sistemas Digitales","Temps estimat de lectura":"2 minuts"},"schema":{"@context":"https:\/\/schema.org","@graph":[{"@type":"Article","@id":"https:\/\/www.sistemas-catalunya.com\/ca\/la-pandemia-agreuja-el-risc-de-les-pimes-de-perdre-empleats-per-no-estar-preparades-pel-teletreball\/#article","isPartOf":{"@id":"https:\/\/www.sistemas-catalunya.com\/ca\/la-pandemia-agreuja-el-risc-de-les-pimes-de-perdre-empleats-per-no-estar-preparades-pel-teletreball\/"},"author":{"name":"Equipo Sistemas Digitales","@id":"https:\/\/www.sistemas-catalunya.com\/ca\/#\/schema\/person\/0e8685d60c5a2a9ea118a07de0f023eb"},"headline":"La pand\u00e8mia agreuja el risc de les pimes de perdre empleats per no estar preparades pel teletreball","datePublished":"2021-02-19T11:51:45+00:00","dateModified":"2021-02-19T12:57:44+00:00","mainEntityOfPage":{"@id":"https:\/\/www.sistemas-catalunya.com\/ca\/la-pandemia-agreuja-el-risc-de-les-pimes-de-perdre-empleats-per-no-estar-preparades-pel-teletreball\/"},"wordCount":446,"commentCount":0,"image":{"@id":"https:\/\/www.sistemas-catalunya.com\/ca\/la-pandemia-agreuja-el-risc-de-les-pimes-de-perdre-empleats-per-no-estar-preparades-pel-teletreball\/#primaryimage"},"thumbnailUrl":"https:\/\/www.sistemas-catalunya.com\/wp-content\/uploads\/2021\/02\/teletrabajo-covid-1.jpg","articleSection":["Transformaci\u00f3 Digital"],"inLanguage":"ca","potentialAction":[{"@type":"CommentAction","name":"Comment","target":["https:\/\/www.sistemas-catalunya.com\/ca\/la-pandemia-agreuja-el-risc-de-les-pimes-de-perdre-empleats-per-no-estar-preparades-pel-teletreball\/#respond"]}]},{"@type":"WebPage","@id":"https:\/\/www.sistemas-catalunya.com\/ca\/la-pandemia-agreuja-el-risc-de-les-pimes-de-perdre-empleats-per-no-estar-preparades-pel-teletreball\/","url":"https:\/\/www.sistemas-catalunya.com\/ca\/la-pandemia-agreuja-el-risc-de-les-pimes-de-perdre-empleats-per-no-estar-preparades-pel-teletreball\/","name":"La Covid-19 agreuja el risc de perdre empleats pel teletreball","isPartOf":{"@id":"https:\/\/www.sistemas-catalunya.com\/ca\/#website"},"primaryImageOfPage":{"@id":"https:\/\/www.sistemas-catalunya.com\/ca\/la-pandemia-agreuja-el-risc-de-les-pimes-de-perdre-empleats-per-no-estar-preparades-pel-teletreball\/#primaryimage"},"image":{"@id":"https:\/\/www.sistemas-catalunya.com\/ca\/la-pandemia-agreuja-el-risc-de-les-pimes-de-perdre-empleats-per-no-estar-preparades-pel-teletreball\/#primaryimage"},"thumbnailUrl":"https:\/\/www.sistemas-catalunya.com\/wp-content\/uploads\/2021\/02\/teletrabajo-covid-1.jpg","datePublished":"2021-02-19T11:51:45+00:00","dateModified":"2021-02-19T12:57:44+00:00","author":{"@id":"https:\/\/www.sistemas-catalunya.com\/ca\/#\/schema\/person\/0e8685d60c5a2a9ea118a07de0f023eb"},"description":"El teletreball ha augmentat a causa de la Covid-19, i els empleats est\u00e0n sofrint frustracions tecnol\u00f2giques a l'hora de teletreballar.","breadcrumb":{"@id":"https:\/\/www.sistemas-catalunya.com\/ca\/la-pandemia-agreuja-el-risc-de-les-pimes-de-perdre-empleats-per-no-estar-preparades-pel-teletreball\/#breadcrumb"},"inLanguage":"ca","potentialAction":[{"@type":"ReadAction","target":["https:\/\/www.sistemas-catalunya.com\/ca\/la-pandemia-agreuja-el-risc-de-les-pimes-de-perdre-empleats-per-no-estar-preparades-pel-teletreball\/"]}]},{"@type":"ImageObject","inLanguage":"ca","@id":"https:\/\/www.sistemas-catalunya.com\/ca\/la-pandemia-agreuja-el-risc-de-les-pimes-de-perdre-empleats-per-no-estar-preparades-pel-teletreball\/#primaryimage","url":"https:\/\/www.sistemas-catalunya.com\/wp-content\/uploads\/2021\/02\/teletrabajo-covid-1.jpg","contentUrl":"https:\/\/www.sistemas-catalunya.com\/wp-content\/uploads\/2021\/02\/teletrabajo-covid-1.jpg","width":1280,"height":720,"caption":"teletrabajo-covid-1"},{"@type":"BreadcrumbList","@id":"https:\/\/www.sistemas-catalunya.com\/ca\/la-pandemia-agreuja-el-risc-de-les-pimes-de-perdre-empleats-per-no-estar-preparades-pel-teletreball\/#breadcrumb","itemListElement":[{"@type":"ListItem","position":1,"name":"Sistemas Catalunya","item":"https:\/\/www.sistemas-catalunya.com\/ca\/"},{"@type":"ListItem","position":2,"name":"La pand\u00e8mia agreuja el risc de les pimes de perdre empleats per no estar preparades pel teletreball"}]},{"@type":"WebSite","@id":"https:\/\/www.sistemas-catalunya.com\/ca\/#website","url":"https:\/\/www.sistemas-catalunya.com\/ca\/","name":"Sistemas Digitales","description":"Renting de Impresoras y Fotocopiadoras ...","potentialAction":[{"@type":"SearchAction","target":{"@type":"EntryPoint","urlTemplate":"https:\/\/www.sistemas-catalunya.com\/ca\/?s={search_term_string}"},"query-input":{"@type":"PropertyValueSpecification","valueRequired":true,"valueName":"search_term_string"}}],"inLanguage":"ca"},{"@type":"Person","@id":"https:\/\/www.sistemas-catalunya.com\/ca\/#\/schema\/person\/0e8685d60c5a2a9ea118a07de0f023eb","name":"Equipo Sistemas Digitales","image":{"@type":"ImageObject","inLanguage":"ca","@id":"https:\/\/secure.gravatar.com\/avatar\/ec335ddbf628e32b733bae25c902ee849b9b8e4b3ed348c566d53642133e8df7?s=96&d=mm&r=g","url":"https:\/\/secure.gravatar.com\/avatar\/ec335ddbf628e32b733bae25c902ee849b9b8e4b3ed348c566d53642133e8df7?s=96&d=mm&r=g","contentUrl":"https:\/\/secure.gravatar.com\/avatar\/ec335ddbf628e32b733bae25c902ee849b9b8e4b3ed348c566d53642133e8df7?s=96&d=mm&r=g","caption":"Equipo Sistemas Digitales"},"description":"En Sistemas Catalunya ofrecemos alquiler de impresoras con soporte t\u00e9cnico y flexibilidad para actualizar equipos. Disfrute de calidad y un servicio al cliente excepcional."}]}},"_links":{"self":[{"href":"https:\/\/www.sistemas-catalunya.com\/ca\/wp-json\/wp\/v2\/posts\/246128","targetHints":{"allow":["GET"]}}],"collection":[{"href":"https:\/\/www.sistemas-catalunya.com\/ca\/wp-json\/wp\/v2\/posts"}],"about":[{"href":"https:\/\/www.sistemas-catalunya.com\/ca\/wp-json\/wp\/v2\/types\/post"}],"author":[{"embeddable":true,"href":"https:\/\/www.sistemas-catalunya.com\/ca\/wp-json\/wp\/v2\/users\/7"}],"replies":[{"embeddable":true,"href":"https:\/\/www.sistemas-catalunya.com\/ca\/wp-json\/wp\/v2\/comments?post=246128"}],"version-history":[{"count":0,"href":"https:\/\/www.sistemas-catalunya.com\/ca\/wp-json\/wp\/v2\/posts\/246128\/revisions"}],"wp:featuredmedia":[{"embeddable":true,"href":"https:\/\/www.sistemas-catalunya.com\/ca\/wp-json\/wp\/v2\/media\/246124"}],"wp:attachment":[{"href":"https:\/\/www.sistemas-catalunya.com\/ca\/wp-json\/wp\/v2\/media?parent=246128"}],"wp:term":[{"taxonomy":"category","embeddable":true,"href":"https:\/\/www.sistemas-catalunya.com\/ca\/wp-json\/wp\/v2\/categories?post=246128"},{"taxonomy":"post_tag","embeddable":true,"href":"https:\/\/www.sistemas-catalunya.com\/ca\/wp-json\/wp\/v2\/tags?post=246128"}],"curies":[{"name":"wp","href":"https:\/\/api.w.org\/{rel}","templated":true}]}}