{"id":246258,"date":"2021-02-25T11:04:35","date_gmt":"2021-02-25T10:04:35","guid":{"rendered":"https:\/\/www.sistemas-catalunya.com\/?p=246258"},"modified":"2024-09-17T12:23:12","modified_gmt":"2024-09-17T11:23:12","slug":"que-implica-la-transformacio-digital","status":"publish","type":"post","link":"https:\/\/www.sistemas-catalunya.com\/ca\/que-implica-la-transformacio-digital\/","title":{"rendered":"\u00bfQu\u00e8 implica la transformaci\u00f3 digital?"},"content":{"rendered":"<p>En primer lloc, podr\u00edem dir que la digitalitzaci\u00f3 consisteix a dotar de capacitats digitals a processos que anteriorment es feien de manera manual, amb l&#8217;objectiu principal de millorar l&#8217;efici\u00e8ncia i minimitzar els error humans. Quan una empresa aconsegueix integrar de tecnologia digital a totes les seves \u00e0rees de treball, estem parlant de transformaci\u00f3 digital. Actualment comptem amb la tecnologia suficient per automatitzar la majoria de processos manuals. Per aix\u00f2, el no fer-ho suposa un risc afegit de p\u00e8rdua, deteriorament o duplicitat de documents. En conseq\u00fc\u00e8ncia, ens arrisquem a no donar el millor servei als nostres clients o prove\u00efdors, a m\u00e9s d&#8217;estar alentint processos innecess\u00e0riament.  <\/p>\n<h2>Els 5 productes que necessites per desenvolupar una estrat\u00e8gia digital<\/h2>\n<p>  Seguint una evoluci\u00f3 natural, els fulls de paper s&#8217;estan transformant en arxius digitals. No obstant aix\u00f2, segons un estudi realitzat per la consultora Roland Berger i Siemens, encara tan sols el 38% de les empreses compten amb una estrat\u00e8gia digital. Si no vols quedar-te enrere en aquest \u00e0mbit, et desvetllem els principals productes que necessites:  <\/p>\n<ol>\n<li>L&#8217;<a href=\"https:\/\/www.sistemas-catalunya.com\/soluciones-teletrabajo\/\">escriptori virtual<\/a><\/li>\n<li>Un sistema \u00f2ptim de <a href=\"https:\/\/www.sistemas-catalunya.com\/cat-producto\/sistemas-videoconferencia\/\">videoconfer\u00e8ncia<\/a><\/li>\n<li>La <a href=\"https:\/\/www.sistemas-catalunya.com\/cat-producto\/pantallas\/\">pantalla interactiva<\/a><\/li>\n<li>Un gestor documental com ara <a href=\"https:\/\/www.sistemas-catalunya.com\/soluciones\/software\/gestion-documental-docuware\/\">DocuWare<\/a><\/li>\n<li>Una impressora intel\u00b7ligent<\/li>\n<\/ol>\n<p>  Moltes empreses pensen (err\u00f2niament) que apostar per un projecte de desenvolupament tecnol\u00f2gic consisteix a renovar ordinadors, m\u00f2bils i tauletes i actualitzar el seu ERP. Per\u00f2, tot i que comptar amb les tecnologies adequades \u00e9s essencial, es tracta d&#8217;un proc\u00e9s continu, on el primer pas \u00e9s analitzar les necessitats del teu negoci. A <a href=\"https:\/\/www.sistemas-catalunya.com\/ca\/\">Sistemas Digitales<\/a> acompanyem la teva empresa en el proc\u00e9s de transformaci\u00f3 digital, comen\u00e7ant per entendre les teves necessitats. Posteriorment, analitzarem tota la informaci\u00f3 obtinguda fins a trobar la soluci\u00f3 que millor s&#8217;adapti a les teves necessitats i que agiliti els teus processos a l&#8217;hora que redueixi els teus costos exponencialment.<\/p>\n","protected":false},"excerpt":{"rendered":"<p>En primer lloc, podr\u00edem dir que la digitalitzaci\u00f3 consisteix a dotar de capacitats digitals a processos que anteriorment es feien de manera manual, amb l&#8217;objectiu principal de millorar l&#8217;efici\u00e8ncia i minimitzar els error humans. Quan una empresa aconsegueix integrar de tecnologia digital a totes les seves \u00e0rees de treball, estem parlant de transformaci\u00f3 digital. Actualment [&hellip;]<\/p>\n","protected":false},"author":7,"featured_media":257448,"comment_status":"open","ping_status":"open","sticky":false,"template":"","format":"standard","meta":{"_acf_changed":false,"footnotes":""},"categories":[200],"tags":[],"class_list":["post-246258","post","type-post","status-publish","format-standard","has-post-thumbnail","hentry","category-transformacio-digital"],"acf":[],"yoast_head":"<!-- This site is optimized with the Yoast SEO plugin v27.4 - https:\/\/yoast.com\/product\/yoast-seo-wordpress\/ -->\n<title>\u00bfQu\u00e8 implica la transformaci\u00f3 digital? - Sistemas Digitales<\/title>\n<meta name=\"description\" content=\"Quan una empresa aconsegueix integrar de tecnologia digital a totes les seves \u00e0rees de treball, estem parlant de transformaci\u00f3 digital.\" \/>\n<meta name=\"robots\" content=\"index, follow, max-snippet:-1, max-image-preview:large, max-video-preview:-1\" \/>\n<link rel=\"canonical\" href=\"https:\/\/www.sistemas-catalunya.com\/ca\/que-implica-la-transformacio-digital\/\" \/>\n<meta property=\"og:locale\" content=\"ca_ES\" \/>\n<meta property=\"og:type\" content=\"article\" \/>\n<meta property=\"og:title\" content=\"\u00bfQu\u00e8 implica la transformaci\u00f3 digital? - Sistemas Digitales\" \/>\n<meta property=\"og:description\" content=\"Quan una empresa aconsegueix integrar de tecnologia digital a totes les seves \u00e0rees de treball, estem parlant de transformaci\u00f3 digital.\" \/>\n<meta property=\"og:url\" content=\"https:\/\/www.sistemas-catalunya.com\/ca\/que-implica-la-transformacio-digital\/\" \/>\n<meta property=\"og:site_name\" content=\"Sistemas Digitales\" \/>\n<meta property=\"article:published_time\" content=\"2021-02-25T10:04:35+00:00\" \/>\n<meta property=\"article:modified_time\" content=\"2024-09-17T11:23:12+00:00\" \/>\n<meta property=\"og:image\" content=\"https:\/\/www.sistemas-catalunya.com\/wp-content\/uploads\/transformacion-digital-scaled-1.jpg\" \/>\n\t<meta property=\"og:image:width\" content=\"1915\" \/>\n\t<meta property=\"og:image:height\" content=\"1080\" \/>\n\t<meta property=\"og:image:type\" content=\"image\/jpeg\" \/>\n<meta name=\"author\" content=\"Equipo Sistemas Digitales\" \/>\n<meta name=\"twitter:card\" content=\"summary_large_image\" \/>\n<meta name=\"twitter:label1\" content=\"Escrit per\" \/>\n\t<meta name=\"twitter:data1\" content=\"Equipo Sistemas Digitales\" \/>\n\t<meta name=\"twitter:label2\" content=\"Temps estimat de lectura\" \/>\n\t<meta name=\"twitter:data2\" content=\"2 minuts\" \/>\n<script type=\"application\/ld+json\" class=\"yoast-schema-graph\">{\"@context\":\"https:\\\/\\\/schema.org\",\"@graph\":[{\"@type\":\"Article\",\"@id\":\"https:\\\/\\\/www.sistemas-catalunya.com\\\/ca\\\/que-implica-la-transformacio-digital\\\/#article\",\"isPartOf\":{\"@id\":\"https:\\\/\\\/www.sistemas-catalunya.com\\\/ca\\\/que-implica-la-transformacio-digital\\\/\"},\"author\":{\"name\":\"Equipo Sistemas Digitales\",\"@id\":\"https:\\\/\\\/www.sistemas-catalunya.com\\\/ca\\\/#\\\/schema\\\/person\\\/0e8685d60c5a2a9ea118a07de0f023eb\"},\"headline\":\"\u00bfQu\u00e8 implica la transformaci\u00f3 digital?\",\"datePublished\":\"2021-02-25T10:04:35+00:00\",\"dateModified\":\"2024-09-17T11:23:12+00:00\",\"mainEntityOfPage\":{\"@id\":\"https:\\\/\\\/www.sistemas-catalunya.com\\\/ca\\\/que-implica-la-transformacio-digital\\\/\"},\"wordCount\":318,\"commentCount\":0,\"image\":{\"@id\":\"https:\\\/\\\/www.sistemas-catalunya.com\\\/ca\\\/que-implica-la-transformacio-digital\\\/#primaryimage\"},\"thumbnailUrl\":\"https:\\\/\\\/www.sistemas-catalunya.com\\\/wp-content\\\/uploads\\\/transformacion-digital-scaled-1.jpg\",\"articleSection\":[\"Transformaci\u00f3 Digital\"],\"inLanguage\":\"ca\",\"potentialAction\":[{\"@type\":\"CommentAction\",\"name\":\"Comment\",\"target\":[\"https:\\\/\\\/www.sistemas-catalunya.com\\\/ca\\\/que-implica-la-transformacio-digital\\\/#respond\"]}]},{\"@type\":\"WebPage\",\"@id\":\"https:\\\/\\\/www.sistemas-catalunya.com\\\/ca\\\/que-implica-la-transformacio-digital\\\/\",\"url\":\"https:\\\/\\\/www.sistemas-catalunya.com\\\/ca\\\/que-implica-la-transformacio-digital\\\/\",\"name\":\"\u00bfQu\u00e8 implica la transformaci\u00f3 digital? - Sistemas Digitales\",\"isPartOf\":{\"@id\":\"https:\\\/\\\/www.sistemas-catalunya.com\\\/ca\\\/#website\"},\"primaryImageOfPage\":{\"@id\":\"https:\\\/\\\/www.sistemas-catalunya.com\\\/ca\\\/que-implica-la-transformacio-digital\\\/#primaryimage\"},\"image\":{\"@id\":\"https:\\\/\\\/www.sistemas-catalunya.com\\\/ca\\\/que-implica-la-transformacio-digital\\\/#primaryimage\"},\"thumbnailUrl\":\"https:\\\/\\\/www.sistemas-catalunya.com\\\/wp-content\\\/uploads\\\/transformacion-digital-scaled-1.jpg\",\"datePublished\":\"2021-02-25T10:04:35+00:00\",\"dateModified\":\"2024-09-17T11:23:12+00:00\",\"author\":{\"@id\":\"https:\\\/\\\/www.sistemas-catalunya.com\\\/ca\\\/#\\\/schema\\\/person\\\/0e8685d60c5a2a9ea118a07de0f023eb\"},\"description\":\"Quan una empresa aconsegueix integrar de tecnologia digital a totes les seves \u00e0rees de treball, estem parlant de transformaci\u00f3 digital.\",\"breadcrumb\":{\"@id\":\"https:\\\/\\\/www.sistemas-catalunya.com\\\/ca\\\/que-implica-la-transformacio-digital\\\/#breadcrumb\"},\"inLanguage\":\"ca\",\"potentialAction\":[{\"@type\":\"ReadAction\",\"target\":[\"https:\\\/\\\/www.sistemas-catalunya.com\\\/ca\\\/que-implica-la-transformacio-digital\\\/\"]}]},{\"@type\":\"ImageObject\",\"inLanguage\":\"ca\",\"@id\":\"https:\\\/\\\/www.sistemas-catalunya.com\\\/ca\\\/que-implica-la-transformacio-digital\\\/#primaryimage\",\"url\":\"https:\\\/\\\/www.sistemas-catalunya.com\\\/wp-content\\\/uploads\\\/transformacion-digital-scaled-1.jpg\",\"contentUrl\":\"https:\\\/\\\/www.sistemas-catalunya.com\\\/wp-content\\\/uploads\\\/transformacion-digital-scaled-1.jpg\",\"width\":1915,\"height\":1080,\"caption\":\"transformacion-digital-scaled-1\"},{\"@type\":\"BreadcrumbList\",\"@id\":\"https:\\\/\\\/www.sistemas-catalunya.com\\\/ca\\\/que-implica-la-transformacio-digital\\\/#breadcrumb\",\"itemListElement\":[{\"@type\":\"ListItem\",\"position\":1,\"name\":\"Sistemas Catalunya\",\"item\":\"https:\\\/\\\/www.sistemas-catalunya.com\\\/ca\\\/\"},{\"@type\":\"ListItem\",\"position\":2,\"name\":\"\u00bfQu\u00e8 implica la transformaci\u00f3 digital?\"}]},{\"@type\":\"WebSite\",\"@id\":\"https:\\\/\\\/www.sistemas-catalunya.com\\\/ca\\\/#website\",\"url\":\"https:\\\/\\\/www.sistemas-catalunya.com\\\/ca\\\/\",\"name\":\"Sistemas Digitales\",\"description\":\"Renting de Impresoras y Fotocopiadoras ...\",\"potentialAction\":[{\"@type\":\"SearchAction\",\"target\":{\"@type\":\"EntryPoint\",\"urlTemplate\":\"https:\\\/\\\/www.sistemas-catalunya.com\\\/ca\\\/?s={search_term_string}\"},\"query-input\":{\"@type\":\"PropertyValueSpecification\",\"valueRequired\":true,\"valueName\":\"search_term_string\"}}],\"inLanguage\":\"ca\"},{\"@type\":\"Person\",\"@id\":\"https:\\\/\\\/www.sistemas-catalunya.com\\\/ca\\\/#\\\/schema\\\/person\\\/0e8685d60c5a2a9ea118a07de0f023eb\",\"name\":\"Equipo Sistemas Digitales\",\"image\":{\"@type\":\"ImageObject\",\"inLanguage\":\"ca\",\"@id\":\"https:\\\/\\\/secure.gravatar.com\\\/avatar\\\/ec335ddbf628e32b733bae25c902ee849b9b8e4b3ed348c566d53642133e8df7?s=96&d=mm&r=g\",\"url\":\"https:\\\/\\\/secure.gravatar.com\\\/avatar\\\/ec335ddbf628e32b733bae25c902ee849b9b8e4b3ed348c566d53642133e8df7?s=96&d=mm&r=g\",\"contentUrl\":\"https:\\\/\\\/secure.gravatar.com\\\/avatar\\\/ec335ddbf628e32b733bae25c902ee849b9b8e4b3ed348c566d53642133e8df7?s=96&d=mm&r=g\",\"caption\":\"Equipo Sistemas Digitales\"},\"description\":\"En Sistemas Catalunya ofrecemos alquiler de impresoras con soporte t\u00e9cnico y flexibilidad para actualizar equipos. Disfrute de calidad y un servicio al cliente excepcional.\"}]}<\/script>\n<!-- \/ Yoast SEO plugin. -->","yoast_head_json":{"title":"\u00bfQu\u00e8 implica la transformaci\u00f3 digital? - Sistemas Digitales","description":"Quan una empresa aconsegueix integrar de tecnologia digital a totes les seves \u00e0rees de treball, estem parlant de transformaci\u00f3 digital.","robots":{"index":"index","follow":"follow","max-snippet":"max-snippet:-1","max-image-preview":"max-image-preview:large","max-video-preview":"max-video-preview:-1"},"canonical":"https:\/\/www.sistemas-catalunya.com\/ca\/que-implica-la-transformacio-digital\/","og_locale":"ca_ES","og_type":"article","og_title":"\u00bfQu\u00e8 implica la transformaci\u00f3 digital? - Sistemas Digitales","og_description":"Quan una empresa aconsegueix integrar de tecnologia digital a totes les seves \u00e0rees de treball, estem parlant de transformaci\u00f3 digital.","og_url":"https:\/\/www.sistemas-catalunya.com\/ca\/que-implica-la-transformacio-digital\/","og_site_name":"Sistemas Digitales","article_published_time":"2021-02-25T10:04:35+00:00","article_modified_time":"2024-09-17T11:23:12+00:00","og_image":[{"width":1915,"height":1080,"url":"https:\/\/www.sistemas-catalunya.com\/wp-content\/uploads\/transformacion-digital-scaled-1.jpg","type":"image\/jpeg"}],"author":"Equipo Sistemas Digitales","twitter_card":"summary_large_image","twitter_misc":{"Escrit per":"Equipo Sistemas Digitales","Temps estimat de lectura":"2 minuts"},"schema":{"@context":"https:\/\/schema.org","@graph":[{"@type":"Article","@id":"https:\/\/www.sistemas-catalunya.com\/ca\/que-implica-la-transformacio-digital\/#article","isPartOf":{"@id":"https:\/\/www.sistemas-catalunya.com\/ca\/que-implica-la-transformacio-digital\/"},"author":{"name":"Equipo Sistemas Digitales","@id":"https:\/\/www.sistemas-catalunya.com\/ca\/#\/schema\/person\/0e8685d60c5a2a9ea118a07de0f023eb"},"headline":"\u00bfQu\u00e8 implica la transformaci\u00f3 digital?","datePublished":"2021-02-25T10:04:35+00:00","dateModified":"2024-09-17T11:23:12+00:00","mainEntityOfPage":{"@id":"https:\/\/www.sistemas-catalunya.com\/ca\/que-implica-la-transformacio-digital\/"},"wordCount":318,"commentCount":0,"image":{"@id":"https:\/\/www.sistemas-catalunya.com\/ca\/que-implica-la-transformacio-digital\/#primaryimage"},"thumbnailUrl":"https:\/\/www.sistemas-catalunya.com\/wp-content\/uploads\/transformacion-digital-scaled-1.jpg","articleSection":["Transformaci\u00f3 Digital"],"inLanguage":"ca","potentialAction":[{"@type":"CommentAction","name":"Comment","target":["https:\/\/www.sistemas-catalunya.com\/ca\/que-implica-la-transformacio-digital\/#respond"]}]},{"@type":"WebPage","@id":"https:\/\/www.sistemas-catalunya.com\/ca\/que-implica-la-transformacio-digital\/","url":"https:\/\/www.sistemas-catalunya.com\/ca\/que-implica-la-transformacio-digital\/","name":"\u00bfQu\u00e8 implica la transformaci\u00f3 digital? - Sistemas Digitales","isPartOf":{"@id":"https:\/\/www.sistemas-catalunya.com\/ca\/#website"},"primaryImageOfPage":{"@id":"https:\/\/www.sistemas-catalunya.com\/ca\/que-implica-la-transformacio-digital\/#primaryimage"},"image":{"@id":"https:\/\/www.sistemas-catalunya.com\/ca\/que-implica-la-transformacio-digital\/#primaryimage"},"thumbnailUrl":"https:\/\/www.sistemas-catalunya.com\/wp-content\/uploads\/transformacion-digital-scaled-1.jpg","datePublished":"2021-02-25T10:04:35+00:00","dateModified":"2024-09-17T11:23:12+00:00","author":{"@id":"https:\/\/www.sistemas-catalunya.com\/ca\/#\/schema\/person\/0e8685d60c5a2a9ea118a07de0f023eb"},"description":"Quan una empresa aconsegueix integrar de tecnologia digital a totes les seves \u00e0rees de treball, estem parlant de transformaci\u00f3 digital.","breadcrumb":{"@id":"https:\/\/www.sistemas-catalunya.com\/ca\/que-implica-la-transformacio-digital\/#breadcrumb"},"inLanguage":"ca","potentialAction":[{"@type":"ReadAction","target":["https:\/\/www.sistemas-catalunya.com\/ca\/que-implica-la-transformacio-digital\/"]}]},{"@type":"ImageObject","inLanguage":"ca","@id":"https:\/\/www.sistemas-catalunya.com\/ca\/que-implica-la-transformacio-digital\/#primaryimage","url":"https:\/\/www.sistemas-catalunya.com\/wp-content\/uploads\/transformacion-digital-scaled-1.jpg","contentUrl":"https:\/\/www.sistemas-catalunya.com\/wp-content\/uploads\/transformacion-digital-scaled-1.jpg","width":1915,"height":1080,"caption":"transformacion-digital-scaled-1"},{"@type":"BreadcrumbList","@id":"https:\/\/www.sistemas-catalunya.com\/ca\/que-implica-la-transformacio-digital\/#breadcrumb","itemListElement":[{"@type":"ListItem","position":1,"name":"Sistemas Catalunya","item":"https:\/\/www.sistemas-catalunya.com\/ca\/"},{"@type":"ListItem","position":2,"name":"\u00bfQu\u00e8 implica la transformaci\u00f3 digital?"}]},{"@type":"WebSite","@id":"https:\/\/www.sistemas-catalunya.com\/ca\/#website","url":"https:\/\/www.sistemas-catalunya.com\/ca\/","name":"Sistemas Digitales","description":"Renting de Impresoras y Fotocopiadoras ...","potentialAction":[{"@type":"SearchAction","target":{"@type":"EntryPoint","urlTemplate":"https:\/\/www.sistemas-catalunya.com\/ca\/?s={search_term_string}"},"query-input":{"@type":"PropertyValueSpecification","valueRequired":true,"valueName":"search_term_string"}}],"inLanguage":"ca"},{"@type":"Person","@id":"https:\/\/www.sistemas-catalunya.com\/ca\/#\/schema\/person\/0e8685d60c5a2a9ea118a07de0f023eb","name":"Equipo Sistemas Digitales","image":{"@type":"ImageObject","inLanguage":"ca","@id":"https:\/\/secure.gravatar.com\/avatar\/ec335ddbf628e32b733bae25c902ee849b9b8e4b3ed348c566d53642133e8df7?s=96&d=mm&r=g","url":"https:\/\/secure.gravatar.com\/avatar\/ec335ddbf628e32b733bae25c902ee849b9b8e4b3ed348c566d53642133e8df7?s=96&d=mm&r=g","contentUrl":"https:\/\/secure.gravatar.com\/avatar\/ec335ddbf628e32b733bae25c902ee849b9b8e4b3ed348c566d53642133e8df7?s=96&d=mm&r=g","caption":"Equipo Sistemas Digitales"},"description":"En Sistemas Catalunya ofrecemos alquiler de impresoras con soporte t\u00e9cnico y flexibilidad para actualizar equipos. Disfrute de calidad y un servicio al cliente excepcional."}]}},"_links":{"self":[{"href":"https:\/\/www.sistemas-catalunya.com\/ca\/wp-json\/wp\/v2\/posts\/246258","targetHints":{"allow":["GET"]}}],"collection":[{"href":"https:\/\/www.sistemas-catalunya.com\/ca\/wp-json\/wp\/v2\/posts"}],"about":[{"href":"https:\/\/www.sistemas-catalunya.com\/ca\/wp-json\/wp\/v2\/types\/post"}],"author":[{"embeddable":true,"href":"https:\/\/www.sistemas-catalunya.com\/ca\/wp-json\/wp\/v2\/users\/7"}],"replies":[{"embeddable":true,"href":"https:\/\/www.sistemas-catalunya.com\/ca\/wp-json\/wp\/v2\/comments?post=246258"}],"version-history":[{"count":1,"href":"https:\/\/www.sistemas-catalunya.com\/ca\/wp-json\/wp\/v2\/posts\/246258\/revisions"}],"predecessor-version":[{"id":263437,"href":"https:\/\/www.sistemas-catalunya.com\/ca\/wp-json\/wp\/v2\/posts\/246258\/revisions\/263437"}],"wp:featuredmedia":[{"embeddable":true,"href":"https:\/\/www.sistemas-catalunya.com\/ca\/wp-json\/wp\/v2\/media\/257448"}],"wp:attachment":[{"href":"https:\/\/www.sistemas-catalunya.com\/ca\/wp-json\/wp\/v2\/media?parent=246258"}],"wp:term":[{"taxonomy":"category","embeddable":true,"href":"https:\/\/www.sistemas-catalunya.com\/ca\/wp-json\/wp\/v2\/categories?post=246258"},{"taxonomy":"post_tag","embeddable":true,"href":"https:\/\/www.sistemas-catalunya.com\/ca\/wp-json\/wp\/v2\/tags?post=246258"}],"curies":[{"name":"wp","href":"https:\/\/api.w.org\/{rel}","templated":true}]}}