{"id":247056,"date":"2021-06-08T12:34:26","date_gmt":"2021-06-08T11:34:26","guid":{"rendered":"https:\/\/www.sistemas-catalunya.com\/?p=247056"},"modified":"2025-07-18T15:05:14","modified_gmt":"2025-07-18T14:05:14","slug":"transformacio-digital-passes-per-a-crear-un-digital-workplace-a-la-teva-empresa","status":"publish","type":"post","link":"https:\/\/www.sistemas-catalunya.com\/ca\/transformacio-digital-passes-per-a-crear-un-digital-workplace-a-la-teva-empresa\/","title":{"rendered":"Transformaci\u00f3 digital: Passos per al digital workplace de la teva empresa"},"content":{"rendered":"\n<p><span style=\"font-weight: 400;\">Como ya vimos en otro art\u00edculo de este blog, <\/span><a href=\"https:\/\/www.sistemas-catalunya.com\/que-implica-transformacion-digital\/\"><i><span style=\"font-weight: 400;\">\u00bfQu\u00e9 implica la transformaci\u00f3n digital?<\/span><\/i><\/a><span style=\"font-weight: 400;\">, este concepto hace referencia a la integraci\u00f3n de tecnolog\u00edas digitales en todas las \u00e1reas de una empresa, con el fin de automatizar los procesos de trabajo. La aparici\u00f3n de nuevas tecnolog\u00edas ha cambiado nuestra forma de realizar nuestras actividades en casi todos los \u00e1mbitos de la vida.\u00a0<\/span><\/p>\n\n<p><span style=\"font-weight: 400;\">En aquest cas, ens centrarem en aquests canvis en la manera de treballar i en com crear un digital workplace en la teva empresa.<\/span><\/p>\n\n<div style=\"height:25px\" aria-hidden=\"true\" class=\"wp-block-spacer\"><\/div>\n\n<h2 class=\"wp-block-heading\"><b>Qu\u00e8 \u00e9s un digital workplace<\/b><\/h2>\n\n<div style=\"height:15px\" aria-hidden=\"true\" class=\"wp-block-spacer\"><\/div>\n\n<p><span style=\"font-weight: 400;\">Un<\/span> <b>digital workplace<\/b><span style=\"font-weight: 400;\">, o lloc de treball digital, es refereix a un entorn laboral on les eines tecnol\u00f2giques estan completament integrades amb els processos de l&#8217;empresa. Aix\u00f2 permet als empleats accedir a aplicacions, dades i recursos des de qualsevol lloc i dispositiu, millorant la col\u00b7laboraci\u00f3 i productivitat. <\/span><\/p>\n\n<p><span style=\"font-weight: 400;\">En implementar un digital workplace, els equips de treball es beneficien de:<\/span><\/p>\n\n<ul class=\"wp-block-list\">\n<li><b>Col\u00b7laboraci\u00f3 millorada:<\/b> <span style=\"font-weight: 400;\">eines com aplicacions m\u00f2bils i sistemes al n\u00favol faciliten el treball en equip.<\/span><\/li>\n\n\n\n<li><b>Acc\u00e9s r\u00e0pid i segur a la informaci\u00f3:<\/b> <span style=\"font-weight: 400;\">agilitzant la presa de decisions.<\/span><\/li>\n\n\n\n<li><b>Flexibilitat:<\/b> <span style=\"font-weight: 400;\">possibilitat de treballar de manera remota o h\u00edbrida, adaptant-se a les noves formes docupaci\u00f3.<\/span><\/li>\n<\/ul>\n\n<div style=\"height:25px\" aria-hidden=\"true\" class=\"wp-block-spacer\"><\/div>\n\n<h2 class=\"wp-block-heading\"><b>Passes per a crear un lloc de treball digital<\/b><\/h2>\n\n<div style=\"height:15px\" aria-hidden=\"true\" class=\"wp-block-spacer\"><\/div>\n\n<ol class=\"wp-block-list\">\n<li><b>  Identificar necessitats i objectius<\/b><b><br\/><\/b><span style=\"font-weight: 400;\">El primer pas per<\/span> <b>digitalitzar el teu workplace<\/b><span style=\"font-weight: 400;\">  \u00e9s analitzar les tasques i \u00e0rees que poden ser automatitzades o millorades mitjan\u00e7ant tecnologia. Defineix els objectius que cal aconseguir: millorar l&#8217;efici\u00e8ncia, reduir costos o facilitar el teletreball. <\/span><\/li>\n\n\n\n<li><b>  Triar les eines adequades<\/b><b><br\/><\/b><span style=\"font-weight: 400;\">Seleccioneu equips, programari i mesures de seguretat que s&#8217;adaptin a les necessitats espec\u00edfiques de la vostra empresa. Des de plataformes de col\u00b7laboraci\u00f3 fins a solucions de gesti\u00f3 documental, l&#8217;elecci\u00f3 correcta en marcar\u00e0 la difer\u00e8ncia. <\/span><\/li>\n\n\n\n<li><b>  Complir amb normatives de privadesa<\/b><b><br\/><\/b><span style=\"font-weight: 400;\">Un aspecte cr\u00edtic \u00e9s garantir el compliment del<\/span> <a href=\"https:\/\/rgpd.es\/\"><b>Reglament General de Protecci\u00f3 de Dades (RGPD)<\/b><\/a><span style=\"font-weight: 400;\">. Implementa sistemes que assegurin la protecci\u00f3 de la informaci\u00f3 i minimitzin riscos.<\/span><\/li>\n\n\n\n<li><b>  Formar els empleats<\/b><b><br\/><\/b><span style=\"font-weight: 400;\">Per treure el m\u00e0xim profit a un lloc de treball digital, \u00e9s fonamental que els empleats comprenguin les noves eines i processos. Una formaci\u00f3 adequada assegura l\u00e8xit en la transici\u00f3. <\/span><\/li>\n\n\n\n<li> <b>Monitoritzar i optimitzar<\/b><b><br\/><\/b> <span style=\"font-weight: 400;\">Avalua el rendiment de les eines i ajusta segons calgui per mantenir l&#8217;efici\u00e8ncia i garantir que el sistema compleixi els objectius definits.<\/span><\/li>\n<\/ol>\n\n<div style=\"height:25px\" aria-hidden=\"true\" class=\"wp-block-spacer\"><\/div>\n\n<h3 class=\"wp-block-heading\"><span style=\"font-weight: 400;\">Algunes preguntes freq\u00fcents sobre digital workplace<\/span><\/h3>\n\n<div style=\"height:15px\" aria-hidden=\"true\" class=\"wp-block-spacer\"><\/div>\n\n<ol class=\"wp-block-list\">\n<li><b>  Quines eines s\u00f3n essencials per a un digital workplace?<\/b><b><br\/><\/b><span style=\"font-weight: 400;\">Sistemes al n\u00favol, plataformes de comunicaci\u00f3 i col\u00b7laboraci\u00f3, i programari de gesti\u00f3 documental s\u00f3n fonamentals.<\/span><\/li>\n\n\n\n<li><b>  \u00c9s segur digitalitzar el lloc de treball?<\/b><b><br\/><\/b><span style=\"font-weight: 400;\">S\u00ed, sempre que s&#8217;implementin mesures de seguretat adequades, com ara sistemes de protecci\u00f3 de dades i acc\u00e9s restringit.<\/span><\/li>\n\n\n\n<li> <b>Com comen\u00e7ar amb la digitalitzaci\u00f3 a la meva empresa?<\/b><b><br\/><\/b> <span style=\"font-weight: 400;\">Consulta amb experts que puguin realitzar un diagn\u00f2stic de les teves necessitats i proporcionin solucions adaptades al teu negoci, com ara<\/span> <b>Sistemes Catalunya<\/b> <span style=\"font-weight: 400;\">.<\/span><\/li>\n<\/ol>\n\n<p><span style=\"font-weight: 400;\">A<\/span> <b>Sistemes Digitals<\/b><span style=\"font-weight: 400;\">, t&#8217;acompanyem a cada pas per crear el teu digital workplace i garantir una transici\u00f3 reeixida. Contacta&#8217;ns i comen\u00e7a la transformaci\u00f3 de la teva empresa avui mateix. <\/span><\/p>\n","protected":false},"excerpt":{"rendered":"<p>Como ya vimos en otro art\u00edculo de este blog, \u00bfQu\u00e9 implica la transformaci\u00f3n digital?, este concepto hace referencia a la integraci\u00f3n de tecnolog\u00edas digitales en todas las \u00e1reas de una empresa, con el fin de automatizar los procesos de trabajo. La aparici\u00f3n de nuevas tecnolog\u00edas ha cambiado nuestra forma de realizar nuestras actividades en casi [&hellip;]<\/p>\n","protected":false},"author":7,"featured_media":247067,"comment_status":"open","ping_status":"open","sticky":false,"template":"","format":"standard","meta":{"_acf_changed":false,"footnotes":""},"categories":[200],"tags":[],"class_list":["post-247056","post","type-post","status-publish","format-standard","has-post-thumbnail","hentry","category-transformacio-digital"],"acf":[],"yoast_head":"<!-- This site is optimized with the Yoast SEO plugin v27.4 - https:\/\/yoast.com\/product\/yoast-seo-wordpress\/ -->\n<title>Transformaci\u00f3 digital: Passes per a crear un digital workplace<\/title>\n<meta name=\"description\" content=\"La transformaci\u00f3 digital \u00e9s la integraci\u00f3 de tecnologies en totes les \u00e0rees d&#039;una empresa. Com crear un digital workplace a la teva empresa:\" \/>\n<meta name=\"robots\" content=\"index, follow, max-snippet:-1, max-image-preview:large, max-video-preview:-1\" \/>\n<link rel=\"canonical\" href=\"https:\/\/www.sistemas-catalunya.com\/ca\/transformacio-digital-passes-per-a-crear-un-digital-workplace-a-la-teva-empresa\/\" \/>\n<meta property=\"og:locale\" content=\"ca_ES\" \/>\n<meta property=\"og:type\" content=\"article\" \/>\n<meta property=\"og:title\" content=\"Transformaci\u00f3 digital: Passes per a crear un digital workplace\" \/>\n<meta property=\"og:description\" content=\"La transformaci\u00f3 digital \u00e9s la integraci\u00f3 de tecnologies en totes les \u00e0rees d&#039;una empresa. Com crear un digital workplace a la teva empresa:\" \/>\n<meta property=\"og:url\" content=\"https:\/\/www.sistemas-catalunya.com\/ca\/transformacio-digital-passes-per-a-crear-un-digital-workplace-a-la-teva-empresa\/\" \/>\n<meta property=\"og:site_name\" content=\"Sistemas Digitales\" \/>\n<meta property=\"article:published_time\" content=\"2021-06-08T11:34:26+00:00\" \/>\n<meta property=\"article:modified_time\" content=\"2025-07-18T14:05:14+00:00\" \/>\n<meta property=\"og:image\" content=\"https:\/\/www.sistemas-catalunya.com\/wp-content\/uploads\/2021\/06\/crear-digital-workplace-1.jpg\" \/>\n\t<meta property=\"og:image:width\" content=\"1280\" \/>\n\t<meta property=\"og:image:height\" content=\"720\" \/>\n\t<meta property=\"og:image:type\" content=\"image\/png\" \/>\n<meta name=\"author\" content=\"Equipo Sistemas Digitales\" \/>\n<meta name=\"twitter:card\" content=\"summary_large_image\" \/>\n<meta name=\"twitter:label1\" content=\"Escrit per\" \/>\n\t<meta name=\"twitter:data1\" content=\"Equipo Sistemas Digitales\" \/>\n\t<meta name=\"twitter:label2\" content=\"Temps estimat de lectura\" \/>\n\t<meta name=\"twitter:data2\" content=\"2 minuts\" \/>\n<script type=\"application\/ld+json\" class=\"yoast-schema-graph\">{\"@context\":\"https:\\\/\\\/schema.org\",\"@graph\":[{\"@type\":\"Article\",\"@id\":\"https:\\\/\\\/www.sistemas-catalunya.com\\\/ca\\\/transformacio-digital-passes-per-a-crear-un-digital-workplace-a-la-teva-empresa\\\/#article\",\"isPartOf\":{\"@id\":\"https:\\\/\\\/www.sistemas-catalunya.com\\\/ca\\\/transformacio-digital-passes-per-a-crear-un-digital-workplace-a-la-teva-empresa\\\/\"},\"author\":{\"name\":\"Equipo Sistemas Digitales\",\"@id\":\"https:\\\/\\\/www.sistemas-catalunya.com\\\/ca\\\/#\\\/schema\\\/person\\\/0e8685d60c5a2a9ea118a07de0f023eb\"},\"headline\":\"Transformaci\u00f3 digital: Passos per al digital workplace de la teva empresa\",\"datePublished\":\"2021-06-08T11:34:26+00:00\",\"dateModified\":\"2025-07-18T14:05:14+00:00\",\"mainEntityOfPage\":{\"@id\":\"https:\\\/\\\/www.sistemas-catalunya.com\\\/ca\\\/transformacio-digital-passes-per-a-crear-un-digital-workplace-a-la-teva-empresa\\\/\"},\"wordCount\":535,\"commentCount\":0,\"image\":{\"@id\":\"https:\\\/\\\/www.sistemas-catalunya.com\\\/ca\\\/transformacio-digital-passes-per-a-crear-un-digital-workplace-a-la-teva-empresa\\\/#primaryimage\"},\"thumbnailUrl\":\"https:\\\/\\\/www.sistemas-catalunya.com\\\/wp-content\\\/uploads\\\/2021\\\/06\\\/crear-digital-workplace-1.jpg\",\"articleSection\":[\"Transformaci\u00f3 Digital\"],\"inLanguage\":\"ca\",\"potentialAction\":[{\"@type\":\"CommentAction\",\"name\":\"Comment\",\"target\":[\"https:\\\/\\\/www.sistemas-catalunya.com\\\/ca\\\/transformacio-digital-passes-per-a-crear-un-digital-workplace-a-la-teva-empresa\\\/#respond\"]}]},{\"@type\":\"WebPage\",\"@id\":\"https:\\\/\\\/www.sistemas-catalunya.com\\\/ca\\\/transformacio-digital-passes-per-a-crear-un-digital-workplace-a-la-teva-empresa\\\/\",\"url\":\"https:\\\/\\\/www.sistemas-catalunya.com\\\/ca\\\/transformacio-digital-passes-per-a-crear-un-digital-workplace-a-la-teva-empresa\\\/\",\"name\":\"Transformaci\u00f3 digital: Passes per a crear un digital workplace\",\"isPartOf\":{\"@id\":\"https:\\\/\\\/www.sistemas-catalunya.com\\\/ca\\\/#website\"},\"primaryImageOfPage\":{\"@id\":\"https:\\\/\\\/www.sistemas-catalunya.com\\\/ca\\\/transformacio-digital-passes-per-a-crear-un-digital-workplace-a-la-teva-empresa\\\/#primaryimage\"},\"image\":{\"@id\":\"https:\\\/\\\/www.sistemas-catalunya.com\\\/ca\\\/transformacio-digital-passes-per-a-crear-un-digital-workplace-a-la-teva-empresa\\\/#primaryimage\"},\"thumbnailUrl\":\"https:\\\/\\\/www.sistemas-catalunya.com\\\/wp-content\\\/uploads\\\/2021\\\/06\\\/crear-digital-workplace-1.jpg\",\"datePublished\":\"2021-06-08T11:34:26+00:00\",\"dateModified\":\"2025-07-18T14:05:14+00:00\",\"author\":{\"@id\":\"https:\\\/\\\/www.sistemas-catalunya.com\\\/ca\\\/#\\\/schema\\\/person\\\/0e8685d60c5a2a9ea118a07de0f023eb\"},\"description\":\"La transformaci\u00f3 digital \u00e9s la integraci\u00f3 de tecnologies en totes les \u00e0rees d'una empresa. Com crear un digital workplace a la teva empresa:\",\"breadcrumb\":{\"@id\":\"https:\\\/\\\/www.sistemas-catalunya.com\\\/ca\\\/transformacio-digital-passes-per-a-crear-un-digital-workplace-a-la-teva-empresa\\\/#breadcrumb\"},\"inLanguage\":\"ca\",\"potentialAction\":[{\"@type\":\"ReadAction\",\"target\":[\"https:\\\/\\\/www.sistemas-catalunya.com\\\/ca\\\/transformacio-digital-passes-per-a-crear-un-digital-workplace-a-la-teva-empresa\\\/\"]}]},{\"@type\":\"ImageObject\",\"inLanguage\":\"ca\",\"@id\":\"https:\\\/\\\/www.sistemas-catalunya.com\\\/ca\\\/transformacio-digital-passes-per-a-crear-un-digital-workplace-a-la-teva-empresa\\\/#primaryimage\",\"url\":\"https:\\\/\\\/www.sistemas-catalunya.com\\\/wp-content\\\/uploads\\\/2021\\\/06\\\/crear-digital-workplace-1.jpg\",\"contentUrl\":\"https:\\\/\\\/www.sistemas-catalunya.com\\\/wp-content\\\/uploads\\\/2021\\\/06\\\/crear-digital-workplace-1.jpg\",\"width\":1280,\"height\":720,\"caption\":\"crear-digital-workplace\"},{\"@type\":\"BreadcrumbList\",\"@id\":\"https:\\\/\\\/www.sistemas-catalunya.com\\\/ca\\\/transformacio-digital-passes-per-a-crear-un-digital-workplace-a-la-teva-empresa\\\/#breadcrumb\",\"itemListElement\":[{\"@type\":\"ListItem\",\"position\":1,\"name\":\"Sistemas Catalunya\",\"item\":\"https:\\\/\\\/www.sistemas-catalunya.com\\\/ca\\\/\"},{\"@type\":\"ListItem\",\"position\":2,\"name\":\"Transformaci\u00f3 digital: Passos per al digital workplace de la teva empresa\"}]},{\"@type\":\"WebSite\",\"@id\":\"https:\\\/\\\/www.sistemas-catalunya.com\\\/ca\\\/#website\",\"url\":\"https:\\\/\\\/www.sistemas-catalunya.com\\\/ca\\\/\",\"name\":\"Sistemas Digitales\",\"description\":\"Renting de Impresoras y Fotocopiadoras ...\",\"potentialAction\":[{\"@type\":\"SearchAction\",\"target\":{\"@type\":\"EntryPoint\",\"urlTemplate\":\"https:\\\/\\\/www.sistemas-catalunya.com\\\/ca\\\/?s={search_term_string}\"},\"query-input\":{\"@type\":\"PropertyValueSpecification\",\"valueRequired\":true,\"valueName\":\"search_term_string\"}}],\"inLanguage\":\"ca\"},{\"@type\":\"Person\",\"@id\":\"https:\\\/\\\/www.sistemas-catalunya.com\\\/ca\\\/#\\\/schema\\\/person\\\/0e8685d60c5a2a9ea118a07de0f023eb\",\"name\":\"Equipo Sistemas Digitales\",\"image\":{\"@type\":\"ImageObject\",\"inLanguage\":\"ca\",\"@id\":\"https:\\\/\\\/secure.gravatar.com\\\/avatar\\\/ec335ddbf628e32b733bae25c902ee849b9b8e4b3ed348c566d53642133e8df7?s=96&d=mm&r=g\",\"url\":\"https:\\\/\\\/secure.gravatar.com\\\/avatar\\\/ec335ddbf628e32b733bae25c902ee849b9b8e4b3ed348c566d53642133e8df7?s=96&d=mm&r=g\",\"contentUrl\":\"https:\\\/\\\/secure.gravatar.com\\\/avatar\\\/ec335ddbf628e32b733bae25c902ee849b9b8e4b3ed348c566d53642133e8df7?s=96&d=mm&r=g\",\"caption\":\"Equipo Sistemas Digitales\"},\"description\":\"En Sistemas Catalunya ofrecemos alquiler de impresoras con soporte t\u00e9cnico y flexibilidad para actualizar equipos. Disfrute de calidad y un servicio al cliente excepcional.\"}]}<\/script>\n<!-- \/ Yoast SEO plugin. -->","yoast_head_json":{"title":"Transformaci\u00f3 digital: Passes per a crear un digital workplace","description":"La transformaci\u00f3 digital \u00e9s la integraci\u00f3 de tecnologies en totes les \u00e0rees d'una empresa. Com crear un digital workplace a la teva empresa:","robots":{"index":"index","follow":"follow","max-snippet":"max-snippet:-1","max-image-preview":"max-image-preview:large","max-video-preview":"max-video-preview:-1"},"canonical":"https:\/\/www.sistemas-catalunya.com\/ca\/transformacio-digital-passes-per-a-crear-un-digital-workplace-a-la-teva-empresa\/","og_locale":"ca_ES","og_type":"article","og_title":"Transformaci\u00f3 digital: Passes per a crear un digital workplace","og_description":"La transformaci\u00f3 digital \u00e9s la integraci\u00f3 de tecnologies en totes les \u00e0rees d'una empresa. Com crear un digital workplace a la teva empresa:","og_url":"https:\/\/www.sistemas-catalunya.com\/ca\/transformacio-digital-passes-per-a-crear-un-digital-workplace-a-la-teva-empresa\/","og_site_name":"Sistemas Digitales","article_published_time":"2021-06-08T11:34:26+00:00","article_modified_time":"2025-07-18T14:05:14+00:00","og_image":[{"width":1280,"height":720,"url":"https:\/\/www.sistemas-catalunya.com\/wp-content\/uploads\/2021\/06\/crear-digital-workplace-1.jpg","type":"image\/png"}],"author":"Equipo Sistemas Digitales","twitter_card":"summary_large_image","twitter_misc":{"Escrit per":"Equipo Sistemas Digitales","Temps estimat de lectura":"2 minuts"},"schema":{"@context":"https:\/\/schema.org","@graph":[{"@type":"Article","@id":"https:\/\/www.sistemas-catalunya.com\/ca\/transformacio-digital-passes-per-a-crear-un-digital-workplace-a-la-teva-empresa\/#article","isPartOf":{"@id":"https:\/\/www.sistemas-catalunya.com\/ca\/transformacio-digital-passes-per-a-crear-un-digital-workplace-a-la-teva-empresa\/"},"author":{"name":"Equipo Sistemas Digitales","@id":"https:\/\/www.sistemas-catalunya.com\/ca\/#\/schema\/person\/0e8685d60c5a2a9ea118a07de0f023eb"},"headline":"Transformaci\u00f3 digital: Passos per al digital workplace de la teva empresa","datePublished":"2021-06-08T11:34:26+00:00","dateModified":"2025-07-18T14:05:14+00:00","mainEntityOfPage":{"@id":"https:\/\/www.sistemas-catalunya.com\/ca\/transformacio-digital-passes-per-a-crear-un-digital-workplace-a-la-teva-empresa\/"},"wordCount":535,"commentCount":0,"image":{"@id":"https:\/\/www.sistemas-catalunya.com\/ca\/transformacio-digital-passes-per-a-crear-un-digital-workplace-a-la-teva-empresa\/#primaryimage"},"thumbnailUrl":"https:\/\/www.sistemas-catalunya.com\/wp-content\/uploads\/2021\/06\/crear-digital-workplace-1.jpg","articleSection":["Transformaci\u00f3 Digital"],"inLanguage":"ca","potentialAction":[{"@type":"CommentAction","name":"Comment","target":["https:\/\/www.sistemas-catalunya.com\/ca\/transformacio-digital-passes-per-a-crear-un-digital-workplace-a-la-teva-empresa\/#respond"]}]},{"@type":"WebPage","@id":"https:\/\/www.sistemas-catalunya.com\/ca\/transformacio-digital-passes-per-a-crear-un-digital-workplace-a-la-teva-empresa\/","url":"https:\/\/www.sistemas-catalunya.com\/ca\/transformacio-digital-passes-per-a-crear-un-digital-workplace-a-la-teva-empresa\/","name":"Transformaci\u00f3 digital: Passes per a crear un digital workplace","isPartOf":{"@id":"https:\/\/www.sistemas-catalunya.com\/ca\/#website"},"primaryImageOfPage":{"@id":"https:\/\/www.sistemas-catalunya.com\/ca\/transformacio-digital-passes-per-a-crear-un-digital-workplace-a-la-teva-empresa\/#primaryimage"},"image":{"@id":"https:\/\/www.sistemas-catalunya.com\/ca\/transformacio-digital-passes-per-a-crear-un-digital-workplace-a-la-teva-empresa\/#primaryimage"},"thumbnailUrl":"https:\/\/www.sistemas-catalunya.com\/wp-content\/uploads\/2021\/06\/crear-digital-workplace-1.jpg","datePublished":"2021-06-08T11:34:26+00:00","dateModified":"2025-07-18T14:05:14+00:00","author":{"@id":"https:\/\/www.sistemas-catalunya.com\/ca\/#\/schema\/person\/0e8685d60c5a2a9ea118a07de0f023eb"},"description":"La transformaci\u00f3 digital \u00e9s la integraci\u00f3 de tecnologies en totes les \u00e0rees d'una empresa. Com crear un digital workplace a la teva empresa:","breadcrumb":{"@id":"https:\/\/www.sistemas-catalunya.com\/ca\/transformacio-digital-passes-per-a-crear-un-digital-workplace-a-la-teva-empresa\/#breadcrumb"},"inLanguage":"ca","potentialAction":[{"@type":"ReadAction","target":["https:\/\/www.sistemas-catalunya.com\/ca\/transformacio-digital-passes-per-a-crear-un-digital-workplace-a-la-teva-empresa\/"]}]},{"@type":"ImageObject","inLanguage":"ca","@id":"https:\/\/www.sistemas-catalunya.com\/ca\/transformacio-digital-passes-per-a-crear-un-digital-workplace-a-la-teva-empresa\/#primaryimage","url":"https:\/\/www.sistemas-catalunya.com\/wp-content\/uploads\/2021\/06\/crear-digital-workplace-1.jpg","contentUrl":"https:\/\/www.sistemas-catalunya.com\/wp-content\/uploads\/2021\/06\/crear-digital-workplace-1.jpg","width":1280,"height":720,"caption":"crear-digital-workplace"},{"@type":"BreadcrumbList","@id":"https:\/\/www.sistemas-catalunya.com\/ca\/transformacio-digital-passes-per-a-crear-un-digital-workplace-a-la-teva-empresa\/#breadcrumb","itemListElement":[{"@type":"ListItem","position":1,"name":"Sistemas Catalunya","item":"https:\/\/www.sistemas-catalunya.com\/ca\/"},{"@type":"ListItem","position":2,"name":"Transformaci\u00f3 digital: Passos per al digital workplace de la teva empresa"}]},{"@type":"WebSite","@id":"https:\/\/www.sistemas-catalunya.com\/ca\/#website","url":"https:\/\/www.sistemas-catalunya.com\/ca\/","name":"Sistemas Digitales","description":"Renting de Impresoras y Fotocopiadoras ...","potentialAction":[{"@type":"SearchAction","target":{"@type":"EntryPoint","urlTemplate":"https:\/\/www.sistemas-catalunya.com\/ca\/?s={search_term_string}"},"query-input":{"@type":"PropertyValueSpecification","valueRequired":true,"valueName":"search_term_string"}}],"inLanguage":"ca"},{"@type":"Person","@id":"https:\/\/www.sistemas-catalunya.com\/ca\/#\/schema\/person\/0e8685d60c5a2a9ea118a07de0f023eb","name":"Equipo Sistemas Digitales","image":{"@type":"ImageObject","inLanguage":"ca","@id":"https:\/\/secure.gravatar.com\/avatar\/ec335ddbf628e32b733bae25c902ee849b9b8e4b3ed348c566d53642133e8df7?s=96&d=mm&r=g","url":"https:\/\/secure.gravatar.com\/avatar\/ec335ddbf628e32b733bae25c902ee849b9b8e4b3ed348c566d53642133e8df7?s=96&d=mm&r=g","contentUrl":"https:\/\/secure.gravatar.com\/avatar\/ec335ddbf628e32b733bae25c902ee849b9b8e4b3ed348c566d53642133e8df7?s=96&d=mm&r=g","caption":"Equipo Sistemas Digitales"},"description":"En Sistemas Catalunya ofrecemos alquiler de impresoras con soporte t\u00e9cnico y flexibilidad para actualizar equipos. Disfrute de calidad y un servicio al cliente excepcional."}]}},"_links":{"self":[{"href":"https:\/\/www.sistemas-catalunya.com\/ca\/wp-json\/wp\/v2\/posts\/247056","targetHints":{"allow":["GET"]}}],"collection":[{"href":"https:\/\/www.sistemas-catalunya.com\/ca\/wp-json\/wp\/v2\/posts"}],"about":[{"href":"https:\/\/www.sistemas-catalunya.com\/ca\/wp-json\/wp\/v2\/types\/post"}],"author":[{"embeddable":true,"href":"https:\/\/www.sistemas-catalunya.com\/ca\/wp-json\/wp\/v2\/users\/7"}],"replies":[{"embeddable":true,"href":"https:\/\/www.sistemas-catalunya.com\/ca\/wp-json\/wp\/v2\/comments?post=247056"}],"version-history":[{"count":4,"href":"https:\/\/www.sistemas-catalunya.com\/ca\/wp-json\/wp\/v2\/posts\/247056\/revisions"}],"predecessor-version":[{"id":269430,"href":"https:\/\/www.sistemas-catalunya.com\/ca\/wp-json\/wp\/v2\/posts\/247056\/revisions\/269430"}],"wp:featuredmedia":[{"embeddable":true,"href":"https:\/\/www.sistemas-catalunya.com\/ca\/wp-json\/wp\/v2\/media\/247067"}],"wp:attachment":[{"href":"https:\/\/www.sistemas-catalunya.com\/ca\/wp-json\/wp\/v2\/media?parent=247056"}],"wp:term":[{"taxonomy":"category","embeddable":true,"href":"https:\/\/www.sistemas-catalunya.com\/ca\/wp-json\/wp\/v2\/categories?post=247056"},{"taxonomy":"post_tag","embeddable":true,"href":"https:\/\/www.sistemas-catalunya.com\/ca\/wp-json\/wp\/v2\/tags?post=247056"}],"curies":[{"name":"wp","href":"https:\/\/api.w.org\/{rel}","templated":true}]}}