{"id":247644,"date":"2021-10-19T16:21:10","date_gmt":"2021-10-19T15:21:10","guid":{"rendered":"http:\/\/sistemas.lan\/que-es-la-transformacio-digital\/"},"modified":"2025-07-18T15:37:50","modified_gmt":"2025-07-18T14:37:50","slug":"que-es-la-transformacio-digital","status":"publish","type":"post","link":"https:\/\/www.sistemas-catalunya.com\/ca\/que-es-la-transformacio-digital\/","title":{"rendered":"Qu\u00e8 \u00e9s la Transformaci\u00f3 Digital?"},"content":{"rendered":"<p>Arribats a aquest punt de digitalitzaci\u00f3 del mercat, \u00e9s possible que en m\u00e9s d&#8217;una ocasi\u00f3 t&#8217;hagi sorgit aquella pregunta que tots ens hem fet en algun moment: qu\u00e8 \u00e9s la <a href=\"https:\/\/www.sistemas-catalunya.com\/servicios\/transformacion-digital\/\">transformaci\u00f3 digital<\/a>?\u201d. I \u00e9s que, despr\u00e9s de l&#8217;arribada del Covid, l&#8217;hist\u00f2ric confinament, la normalitzaic\u00f3 del teletreball, etc., s&#8217;ha fet molt dif\u00edcil d&#8217;escapar d&#8217;ella. No obstant, \u201ctransformaci\u00f3 digital\u201d \u00e9s un concepte tan ampli i abarca tants fronts que la seva definici\u00f3 pot resultar confusa.<\/p>\n<p><strong>Un concepte basat en el dia a dia<\/strong><\/p>\n<p>Hi ha una idea que s\u00ed que ha de quedar molt clara, i \u00e9s que &#8220;transformaci\u00f3 digital\u201d fa refer\u00e8ncia a tots aquests canvis que ha provocat l&#8217;aparici\u00f3 de la tecnologia al nostre dia a dia; des de la forma de vendre un producte fins el simple fet de comunicar-nos. I, malgrat de les retic\u00e8ncies que moltes empreses tradicionals puguin mostrar a determinats canvis, queda clar que aquests han arribat per quedar-se i que, ben aplicats, ofereixen uns beneficis i una rentabilitat enormes per a tot tipus de negocis.<\/p>\n<p>Intentem donar-li una definici\u00f3.<\/p>\n<h2><strong>Qu\u00e8 \u00e9s la Transformaci\u00f3 Digital?<\/strong><\/h2>\n<p>Aplicada a una empresa, la transformaci\u00f3 digital es refereix a la integraci\u00f3 de la tecnologia en tots els processos i les \u00e0rees de la mateixa, Evidentment, aquesta integraci\u00f3 tecnol\u00f2gica genera canvis a tots els processos, tant directa com indirectament, amb l&#8217;objectiu d&#8217;optimitzar-los i fer-los m\u00e9s competitius.<\/p>\n<p>Amb tot aix\u00f2, la transformaci\u00f3 digital va m\u00e9s enll\u00e0 de la simple integraci\u00f3 de la tecnologia. \u00c9s cert que aquest \u00e9s un factor imprescindible, per\u00f2 tamb\u00e9 ho \u00e9s l&#8217;adaptaci\u00f3 de la cultura empresarial als nous requisits del mercat i la digitalitzaci\u00f3.<\/p>\n<p>Aix\u00ed doncs, per dur a terme una transformaci\u00f3 digital exitosa, ser\u00e0 necessari implementar les eines tecnol\u00f2giques que l&#8217;empresa necessiti i, alhora, ajustar la cultura empresarial als canvis que s&#8217;han donat al mercat i que tindran lloc dins de l&#8217;organitzaci\u00f3.<\/p>\n<h2><strong>Avantatges de la Transformaci\u00f3 Digital<\/strong><\/h2>\n<ul>\n<li>El canvi de cultura genera noves tend\u00e8ncies innovadores<\/li>\n<li>Augmenta l&#8217;efici\u00e8ncia i la productivitat de tots els processos<\/li>\n<li>Millora i facilita la comunicaci\u00f3 i el treball en equip<\/li>\n<li>Augmenta la capacitat de resposta de l&#8217;empresa davant de situacions de canvi i incertesa<\/li>\n<li>Obertura del mercat i les oportunitats de negoci<\/li>\n<li>Millor i m\u00e9s precisa obtenci\u00f3 de dades<\/li>\n<li>Oportunitat d&#8217;optimitzar l&#8217;experi\u00e8ncia de l&#8217;usuari\/client i la comunicaci\u00f3 amb ell<\/li>\n<\/ul>\n<h2><strong>Aspectes imprescindibles<\/strong><\/h2>\n<p>Por una banda, la transformaci\u00f3 digital d&#8217;ha de dur a terme donant resposta a quatre preguntes imprescindibles per a l&#8217;empresa:<\/p>\n<ol>\n<li>Quines <strong>eines tecnol\u00f2giques <\/strong>utilitzar\u00e9?<\/li>\n<li>Quins aspectes aspectes de l&#8217;<strong>experi\u00e8ncia del client<\/strong> es milloraran?<\/li>\n<li>Quins canvis es produiran a la <strong>cultura<\/strong> de la meva empresa?<\/li>\n<li>Quins s\u00f3n els <strong>objectius<\/strong> de la meva transformaci\u00f3 digital?<\/li>\n<\/ol>\n<p>Un cop contestades aquestes preguntes, \u00e9s hora de posar en marxa el pla de digitalitzaci\u00f3, que necessitar\u00e0 un temps de transici\u00f3 per fer-se efectiu. \u00c9s important tenir clar que la transformaci\u00f3 digital no \u00e9s cosa d&#8217;un sol dia i que, el temps que duri, dependr\u00e0 de les necessitats i recursos de cada empresa.<\/p>\n<p>A nivell de cultura, les bases d&#8217;aquesta transformaci\u00f3 passaran per\u2026<\/p>\n<ul>\n<li>Crear metodologies de treball que millorin la productivitat i flexibilitzin els processos<\/li>\n<li>Implementar eines de comunicaci\u00f3 eficients entre companys i equips<\/li>\n<li>Fomentar la innovaci\u00f3<\/li>\n<li>Protocolitzar i optimitzar la gesti\u00f3 de dades<\/li>\n<\/ul>\n<p>Per\u00f2, despr\u00e9s de tot aix\u00f2\u2026<\/p>\n<h2><strong>Qu\u00e8 necessito per comen\u00e7ar?<\/strong><\/h2>\n<ol>\n<li><strong>Sortir de la teva zona de confort<\/strong>, amb una mentalitat oberta i la predisposici\u00f3 a adaptar-te als canvis del mercat.<\/li>\n<li><strong>Fomentar la digitalitzaci\u00f3<\/strong> tant a l&#8217;\u00fas de les eines que implementis com a nivell de compet\u00e8ncies dels teus treballadors (sobre tot els l\u00edders).<\/li>\n<li><strong>Dissenyar estrat\u00e8gies digitals<\/strong> basades en la tecnologia que vols implementar, les necessitats i objectius del teu negoci i les compet\u00e8ncies que vols impolsar. I no oblidis la <strong>medici\u00f3 de resultats<\/strong>. Adaptar les teves estrat\u00e8gies en funci\u00f3 dels resultats que vas obtenint a temps real \u00e9s un dels avantatges m\u00e9s grans de la tecnologia. Aprofita-la!<\/li>\n<\/ol>\n<h2><span style=\"font-weight: 400;\">Preguntes freq\u00fcents (FAQs)<\/span><\/h2>\n<ol>\n<li><b>  Qu\u00e8 \u00e9s la transformaci\u00f3 digital i per qu\u00e8 \u00e9s important?<\/b><b><br \/>\n<\/b><span style=\"font-weight: 400;\">\u00c9s la integraci\u00f3 de tecnologia en els processos de negoci per millorar-ne l&#8217;efici\u00e8ncia i la competitivitat, adaptant-se a les demandes del mercat actual.<\/span><\/li>\n<li><b>  Quines eines s\u00f3n clau en aquest proc\u00e9s?<\/b><b><br \/>\n<\/b><span style=\"font-weight: 400;\">Dependr\u00e0 de les necessitats de cada empresa, per\u00f2 solen incloure solucions de gesti\u00f3, automatitzaci\u00f3, an\u00e0lisi de dades i comunicaci\u00f3 digital.<\/span><\/li>\n<li><b>  Com afecta la transformaci\u00f3 digital als empleats?<\/b><b><br \/>\n<\/b><span style=\"font-weight: 400;\">Requereix adaptar-se a noves eines i metodologies, per\u00f2 tamb\u00e9 ofereix oportunitats per desenvolupar habilitats i millorar la productivitat.<\/span><\/li>\n<\/ol>\n<p><span style=\"font-weight: 400;\">Implementar la transformaci\u00f3 digital pot semblar un desafiament, per\u00f2 els beneficis superen amb escreix les dificultats inicials.  <\/span><\/p>\n<p><span style=\"font-weight: 400;\">A punt per fer el seg\u00fcent pas? A Sistemes Digitals som aqu\u00ed per ajudar-te a construir el futur de la teva empresa.   <\/span><\/p>\n<p><span style=\"font-weight: 400;\">\u00a1\u00a1 Contacta amb nosaltres!<\/span><\/p>\n","protected":false},"excerpt":{"rendered":"<p>Arribats a aquest punt de digitalitzaci\u00f3 del mercat, \u00e9s possible que en m\u00e9s d&#8217;una ocasi\u00f3 t&#8217;hagi sorgit aquella pregunta que tots ens hem fet en algun moment: qu\u00e8 \u00e9s la transformaci\u00f3 digital?\u201d. I \u00e9s que, despr\u00e9s de l&#8217;arribada del Covid, l&#8217;hist\u00f2ric confinament, la normalitzaic\u00f3 del teletreball, etc., s&#8217;ha fet molt dif\u00edcil d&#8217;escapar d&#8217;ella. No obstant, [&hellip;]<\/p>\n","protected":false},"author":7,"featured_media":253090,"comment_status":"open","ping_status":"open","sticky":false,"template":"","format":"standard","meta":{"_acf_changed":false,"footnotes":""},"categories":[200],"tags":[],"class_list":["post-247644","post","type-post","status-publish","format-standard","has-post-thumbnail","hentry","category-transformacio-digital"],"acf":[],"yoast_head":"<!-- This site is optimized with the Yoast SEO plugin v27.4 - https:\/\/yoast.com\/product\/yoast-seo-wordpress\/ -->\n<title>Qu\u00e8 \u00e9s la Transformaci\u00f3 Digital? - Sistemas Digitales<\/title>\n<meta name=\"description\" content=\"La digitaltzaci\u00f3 s&#039;ha imposat de forma molt accelerada al nostre dia a dia. Per\u00f2, saps qu\u00e8 es la transformaci\u00f3 digital? Descobreix-ho!\" \/>\n<meta name=\"robots\" content=\"index, follow, max-snippet:-1, max-image-preview:large, max-video-preview:-1\" \/>\n<link rel=\"canonical\" href=\"https:\/\/www.sistemas-catalunya.com\/ca\/que-es-la-transformacio-digital\/\" \/>\n<meta property=\"og:locale\" content=\"ca_ES\" \/>\n<meta property=\"og:type\" content=\"article\" \/>\n<meta property=\"og:title\" content=\"Qu\u00e8 \u00e9s la Transformaci\u00f3 Digital? - Sistemas Digitales\" \/>\n<meta property=\"og:description\" content=\"La digitaltzaci\u00f3 s&#039;ha imposat de forma molt accelerada al nostre dia a dia. Per\u00f2, saps qu\u00e8 es la transformaci\u00f3 digital? Descobreix-ho!\" \/>\n<meta property=\"og:url\" content=\"https:\/\/www.sistemas-catalunya.com\/ca\/que-es-la-transformacio-digital\/\" \/>\n<meta property=\"og:site_name\" content=\"Sistemas Digitales\" \/>\n<meta property=\"article:published_time\" content=\"2021-10-19T15:21:10+00:00\" \/>\n<meta property=\"article:modified_time\" content=\"2025-07-18T14:37:50+00:00\" \/>\n<meta property=\"og:image\" content=\"https:\/\/www.sistemas-catalunya.com\/wp-content\/uploads\/2021\/10\/Transformacion-Digital-1.jpg\" \/>\n\t<meta property=\"og:image:width\" content=\"1280\" \/>\n\t<meta property=\"og:image:height\" content=\"720\" \/>\n\t<meta property=\"og:image:type\" content=\"image\/jpeg\" \/>\n<meta name=\"author\" content=\"Equipo Sistemas Digitales\" \/>\n<meta name=\"twitter:card\" content=\"summary_large_image\" \/>\n<meta name=\"twitter:label1\" content=\"Escrit per\" \/>\n\t<meta name=\"twitter:data1\" content=\"Equipo Sistemas Digitales\" \/>\n\t<meta name=\"twitter:label2\" content=\"Temps estimat de lectura\" \/>\n\t<meta name=\"twitter:data2\" content=\"4 minuts\" \/>\n<script type=\"application\/ld+json\" class=\"yoast-schema-graph\">{\"@context\":\"https:\\\/\\\/schema.org\",\"@graph\":[{\"@type\":\"Article\",\"@id\":\"https:\\\/\\\/www.sistemas-catalunya.com\\\/ca\\\/que-es-la-transformacio-digital\\\/#article\",\"isPartOf\":{\"@id\":\"https:\\\/\\\/www.sistemas-catalunya.com\\\/ca\\\/que-es-la-transformacio-digital\\\/\"},\"author\":{\"name\":\"Equipo Sistemas Digitales\",\"@id\":\"https:\\\/\\\/www.sistemas-catalunya.com\\\/ca\\\/#\\\/schema\\\/person\\\/0e8685d60c5a2a9ea118a07de0f023eb\"},\"headline\":\"Qu\u00e8 \u00e9s la Transformaci\u00f3 Digital?\",\"datePublished\":\"2021-10-19T15:21:10+00:00\",\"dateModified\":\"2025-07-18T14:37:50+00:00\",\"mainEntityOfPage\":{\"@id\":\"https:\\\/\\\/www.sistemas-catalunya.com\\\/ca\\\/que-es-la-transformacio-digital\\\/\"},\"wordCount\":823,\"commentCount\":0,\"image\":{\"@id\":\"https:\\\/\\\/www.sistemas-catalunya.com\\\/ca\\\/que-es-la-transformacio-digital\\\/#primaryimage\"},\"thumbnailUrl\":\"https:\\\/\\\/www.sistemas-catalunya.com\\\/wp-content\\\/uploads\\\/2021\\\/10\\\/Transformacion-Digital-1.jpg\",\"articleSection\":[\"Transformaci\u00f3 Digital\"],\"inLanguage\":\"ca\",\"potentialAction\":[{\"@type\":\"CommentAction\",\"name\":\"Comment\",\"target\":[\"https:\\\/\\\/www.sistemas-catalunya.com\\\/ca\\\/que-es-la-transformacio-digital\\\/#respond\"]}]},{\"@type\":\"WebPage\",\"@id\":\"https:\\\/\\\/www.sistemas-catalunya.com\\\/ca\\\/que-es-la-transformacio-digital\\\/\",\"url\":\"https:\\\/\\\/www.sistemas-catalunya.com\\\/ca\\\/que-es-la-transformacio-digital\\\/\",\"name\":\"Qu\u00e8 \u00e9s la Transformaci\u00f3 Digital? - Sistemas Digitales\",\"isPartOf\":{\"@id\":\"https:\\\/\\\/www.sistemas-catalunya.com\\\/ca\\\/#website\"},\"primaryImageOfPage\":{\"@id\":\"https:\\\/\\\/www.sistemas-catalunya.com\\\/ca\\\/que-es-la-transformacio-digital\\\/#primaryimage\"},\"image\":{\"@id\":\"https:\\\/\\\/www.sistemas-catalunya.com\\\/ca\\\/que-es-la-transformacio-digital\\\/#primaryimage\"},\"thumbnailUrl\":\"https:\\\/\\\/www.sistemas-catalunya.com\\\/wp-content\\\/uploads\\\/2021\\\/10\\\/Transformacion-Digital-1.jpg\",\"datePublished\":\"2021-10-19T15:21:10+00:00\",\"dateModified\":\"2025-07-18T14:37:50+00:00\",\"author\":{\"@id\":\"https:\\\/\\\/www.sistemas-catalunya.com\\\/ca\\\/#\\\/schema\\\/person\\\/0e8685d60c5a2a9ea118a07de0f023eb\"},\"description\":\"La digitaltzaci\u00f3 s'ha imposat de forma molt accelerada al nostre dia a dia. Per\u00f2, saps qu\u00e8 es la transformaci\u00f3 digital? Descobreix-ho!\",\"breadcrumb\":{\"@id\":\"https:\\\/\\\/www.sistemas-catalunya.com\\\/ca\\\/que-es-la-transformacio-digital\\\/#breadcrumb\"},\"inLanguage\":\"ca\",\"potentialAction\":[{\"@type\":\"ReadAction\",\"target\":[\"https:\\\/\\\/www.sistemas-catalunya.com\\\/ca\\\/que-es-la-transformacio-digital\\\/\"]}]},{\"@type\":\"ImageObject\",\"inLanguage\":\"ca\",\"@id\":\"https:\\\/\\\/www.sistemas-catalunya.com\\\/ca\\\/que-es-la-transformacio-digital\\\/#primaryimage\",\"url\":\"https:\\\/\\\/www.sistemas-catalunya.com\\\/wp-content\\\/uploads\\\/2021\\\/10\\\/Transformacion-Digital-1.jpg\",\"contentUrl\":\"https:\\\/\\\/www.sistemas-catalunya.com\\\/wp-content\\\/uploads\\\/2021\\\/10\\\/Transformacion-Digital-1.jpg\",\"width\":1280,\"height\":720,\"caption\":\"Transformacion-Digital-1\"},{\"@type\":\"BreadcrumbList\",\"@id\":\"https:\\\/\\\/www.sistemas-catalunya.com\\\/ca\\\/que-es-la-transformacio-digital\\\/#breadcrumb\",\"itemListElement\":[{\"@type\":\"ListItem\",\"position\":1,\"name\":\"Sistemas Catalunya\",\"item\":\"https:\\\/\\\/www.sistemas-catalunya.com\\\/ca\\\/\"},{\"@type\":\"ListItem\",\"position\":2,\"name\":\"Qu\u00e8 \u00e9s la Transformaci\u00f3 Digital?\"}]},{\"@type\":\"WebSite\",\"@id\":\"https:\\\/\\\/www.sistemas-catalunya.com\\\/ca\\\/#website\",\"url\":\"https:\\\/\\\/www.sistemas-catalunya.com\\\/ca\\\/\",\"name\":\"Sistemas Digitales\",\"description\":\"Renting de Impresoras y Fotocopiadoras ...\",\"potentialAction\":[{\"@type\":\"SearchAction\",\"target\":{\"@type\":\"EntryPoint\",\"urlTemplate\":\"https:\\\/\\\/www.sistemas-catalunya.com\\\/ca\\\/?s={search_term_string}\"},\"query-input\":{\"@type\":\"PropertyValueSpecification\",\"valueRequired\":true,\"valueName\":\"search_term_string\"}}],\"inLanguage\":\"ca\"},{\"@type\":\"Person\",\"@id\":\"https:\\\/\\\/www.sistemas-catalunya.com\\\/ca\\\/#\\\/schema\\\/person\\\/0e8685d60c5a2a9ea118a07de0f023eb\",\"name\":\"Equipo Sistemas Digitales\",\"image\":{\"@type\":\"ImageObject\",\"inLanguage\":\"ca\",\"@id\":\"https:\\\/\\\/secure.gravatar.com\\\/avatar\\\/ec335ddbf628e32b733bae25c902ee849b9b8e4b3ed348c566d53642133e8df7?s=96&d=mm&r=g\",\"url\":\"https:\\\/\\\/secure.gravatar.com\\\/avatar\\\/ec335ddbf628e32b733bae25c902ee849b9b8e4b3ed348c566d53642133e8df7?s=96&d=mm&r=g\",\"contentUrl\":\"https:\\\/\\\/secure.gravatar.com\\\/avatar\\\/ec335ddbf628e32b733bae25c902ee849b9b8e4b3ed348c566d53642133e8df7?s=96&d=mm&r=g\",\"caption\":\"Equipo Sistemas Digitales\"},\"description\":\"En Sistemas Catalunya ofrecemos alquiler de impresoras con soporte t\u00e9cnico y flexibilidad para actualizar equipos. Disfrute de calidad y un servicio al cliente excepcional.\"}]}<\/script>\n<!-- \/ Yoast SEO plugin. -->","yoast_head_json":{"title":"Qu\u00e8 \u00e9s la Transformaci\u00f3 Digital? - Sistemas Digitales","description":"La digitaltzaci\u00f3 s'ha imposat de forma molt accelerada al nostre dia a dia. Per\u00f2, saps qu\u00e8 es la transformaci\u00f3 digital? Descobreix-ho!","robots":{"index":"index","follow":"follow","max-snippet":"max-snippet:-1","max-image-preview":"max-image-preview:large","max-video-preview":"max-video-preview:-1"},"canonical":"https:\/\/www.sistemas-catalunya.com\/ca\/que-es-la-transformacio-digital\/","og_locale":"ca_ES","og_type":"article","og_title":"Qu\u00e8 \u00e9s la Transformaci\u00f3 Digital? - Sistemas Digitales","og_description":"La digitaltzaci\u00f3 s'ha imposat de forma molt accelerada al nostre dia a dia. Per\u00f2, saps qu\u00e8 es la transformaci\u00f3 digital? Descobreix-ho!","og_url":"https:\/\/www.sistemas-catalunya.com\/ca\/que-es-la-transformacio-digital\/","og_site_name":"Sistemas Digitales","article_published_time":"2021-10-19T15:21:10+00:00","article_modified_time":"2025-07-18T14:37:50+00:00","og_image":[{"width":1280,"height":720,"url":"https:\/\/www.sistemas-catalunya.com\/wp-content\/uploads\/2021\/10\/Transformacion-Digital-1.jpg","type":"image\/jpeg"}],"author":"Equipo Sistemas Digitales","twitter_card":"summary_large_image","twitter_misc":{"Escrit per":"Equipo Sistemas Digitales","Temps estimat de lectura":"4 minuts"},"schema":{"@context":"https:\/\/schema.org","@graph":[{"@type":"Article","@id":"https:\/\/www.sistemas-catalunya.com\/ca\/que-es-la-transformacio-digital\/#article","isPartOf":{"@id":"https:\/\/www.sistemas-catalunya.com\/ca\/que-es-la-transformacio-digital\/"},"author":{"name":"Equipo Sistemas Digitales","@id":"https:\/\/www.sistemas-catalunya.com\/ca\/#\/schema\/person\/0e8685d60c5a2a9ea118a07de0f023eb"},"headline":"Qu\u00e8 \u00e9s la Transformaci\u00f3 Digital?","datePublished":"2021-10-19T15:21:10+00:00","dateModified":"2025-07-18T14:37:50+00:00","mainEntityOfPage":{"@id":"https:\/\/www.sistemas-catalunya.com\/ca\/que-es-la-transformacio-digital\/"},"wordCount":823,"commentCount":0,"image":{"@id":"https:\/\/www.sistemas-catalunya.com\/ca\/que-es-la-transformacio-digital\/#primaryimage"},"thumbnailUrl":"https:\/\/www.sistemas-catalunya.com\/wp-content\/uploads\/2021\/10\/Transformacion-Digital-1.jpg","articleSection":["Transformaci\u00f3 Digital"],"inLanguage":"ca","potentialAction":[{"@type":"CommentAction","name":"Comment","target":["https:\/\/www.sistemas-catalunya.com\/ca\/que-es-la-transformacio-digital\/#respond"]}]},{"@type":"WebPage","@id":"https:\/\/www.sistemas-catalunya.com\/ca\/que-es-la-transformacio-digital\/","url":"https:\/\/www.sistemas-catalunya.com\/ca\/que-es-la-transformacio-digital\/","name":"Qu\u00e8 \u00e9s la Transformaci\u00f3 Digital? - Sistemas Digitales","isPartOf":{"@id":"https:\/\/www.sistemas-catalunya.com\/ca\/#website"},"primaryImageOfPage":{"@id":"https:\/\/www.sistemas-catalunya.com\/ca\/que-es-la-transformacio-digital\/#primaryimage"},"image":{"@id":"https:\/\/www.sistemas-catalunya.com\/ca\/que-es-la-transformacio-digital\/#primaryimage"},"thumbnailUrl":"https:\/\/www.sistemas-catalunya.com\/wp-content\/uploads\/2021\/10\/Transformacion-Digital-1.jpg","datePublished":"2021-10-19T15:21:10+00:00","dateModified":"2025-07-18T14:37:50+00:00","author":{"@id":"https:\/\/www.sistemas-catalunya.com\/ca\/#\/schema\/person\/0e8685d60c5a2a9ea118a07de0f023eb"},"description":"La digitaltzaci\u00f3 s'ha imposat de forma molt accelerada al nostre dia a dia. Per\u00f2, saps qu\u00e8 es la transformaci\u00f3 digital? Descobreix-ho!","breadcrumb":{"@id":"https:\/\/www.sistemas-catalunya.com\/ca\/que-es-la-transformacio-digital\/#breadcrumb"},"inLanguage":"ca","potentialAction":[{"@type":"ReadAction","target":["https:\/\/www.sistemas-catalunya.com\/ca\/que-es-la-transformacio-digital\/"]}]},{"@type":"ImageObject","inLanguage":"ca","@id":"https:\/\/www.sistemas-catalunya.com\/ca\/que-es-la-transformacio-digital\/#primaryimage","url":"https:\/\/www.sistemas-catalunya.com\/wp-content\/uploads\/2021\/10\/Transformacion-Digital-1.jpg","contentUrl":"https:\/\/www.sistemas-catalunya.com\/wp-content\/uploads\/2021\/10\/Transformacion-Digital-1.jpg","width":1280,"height":720,"caption":"Transformacion-Digital-1"},{"@type":"BreadcrumbList","@id":"https:\/\/www.sistemas-catalunya.com\/ca\/que-es-la-transformacio-digital\/#breadcrumb","itemListElement":[{"@type":"ListItem","position":1,"name":"Sistemas Catalunya","item":"https:\/\/www.sistemas-catalunya.com\/ca\/"},{"@type":"ListItem","position":2,"name":"Qu\u00e8 \u00e9s la Transformaci\u00f3 Digital?"}]},{"@type":"WebSite","@id":"https:\/\/www.sistemas-catalunya.com\/ca\/#website","url":"https:\/\/www.sistemas-catalunya.com\/ca\/","name":"Sistemas Digitales","description":"Renting de Impresoras y Fotocopiadoras ...","potentialAction":[{"@type":"SearchAction","target":{"@type":"EntryPoint","urlTemplate":"https:\/\/www.sistemas-catalunya.com\/ca\/?s={search_term_string}"},"query-input":{"@type":"PropertyValueSpecification","valueRequired":true,"valueName":"search_term_string"}}],"inLanguage":"ca"},{"@type":"Person","@id":"https:\/\/www.sistemas-catalunya.com\/ca\/#\/schema\/person\/0e8685d60c5a2a9ea118a07de0f023eb","name":"Equipo Sistemas Digitales","image":{"@type":"ImageObject","inLanguage":"ca","@id":"https:\/\/secure.gravatar.com\/avatar\/ec335ddbf628e32b733bae25c902ee849b9b8e4b3ed348c566d53642133e8df7?s=96&d=mm&r=g","url":"https:\/\/secure.gravatar.com\/avatar\/ec335ddbf628e32b733bae25c902ee849b9b8e4b3ed348c566d53642133e8df7?s=96&d=mm&r=g","contentUrl":"https:\/\/secure.gravatar.com\/avatar\/ec335ddbf628e32b733bae25c902ee849b9b8e4b3ed348c566d53642133e8df7?s=96&d=mm&r=g","caption":"Equipo Sistemas Digitales"},"description":"En Sistemas Catalunya ofrecemos alquiler de impresoras con soporte t\u00e9cnico y flexibilidad para actualizar equipos. Disfrute de calidad y un servicio al cliente excepcional."}]}},"_links":{"self":[{"href":"https:\/\/www.sistemas-catalunya.com\/ca\/wp-json\/wp\/v2\/posts\/247644","targetHints":{"allow":["GET"]}}],"collection":[{"href":"https:\/\/www.sistemas-catalunya.com\/ca\/wp-json\/wp\/v2\/posts"}],"about":[{"href":"https:\/\/www.sistemas-catalunya.com\/ca\/wp-json\/wp\/v2\/types\/post"}],"author":[{"embeddable":true,"href":"https:\/\/www.sistemas-catalunya.com\/ca\/wp-json\/wp\/v2\/users\/7"}],"replies":[{"embeddable":true,"href":"https:\/\/www.sistemas-catalunya.com\/ca\/wp-json\/wp\/v2\/comments?post=247644"}],"version-history":[{"count":2,"href":"https:\/\/www.sistemas-catalunya.com\/ca\/wp-json\/wp\/v2\/posts\/247644\/revisions"}],"predecessor-version":[{"id":269819,"href":"https:\/\/www.sistemas-catalunya.com\/ca\/wp-json\/wp\/v2\/posts\/247644\/revisions\/269819"}],"wp:featuredmedia":[{"embeddable":true,"href":"https:\/\/www.sistemas-catalunya.com\/ca\/wp-json\/wp\/v2\/media\/253090"}],"wp:attachment":[{"href":"https:\/\/www.sistemas-catalunya.com\/ca\/wp-json\/wp\/v2\/media?parent=247644"}],"wp:term":[{"taxonomy":"category","embeddable":true,"href":"https:\/\/www.sistemas-catalunya.com\/ca\/wp-json\/wp\/v2\/categories?post=247644"},{"taxonomy":"post_tag","embeddable":true,"href":"https:\/\/www.sistemas-catalunya.com\/ca\/wp-json\/wp\/v2\/tags?post=247644"}],"curies":[{"name":"wp","href":"https:\/\/api.w.org\/{rel}","templated":true}]}}