{"id":269415,"date":"2025-07-18T15:04:57","date_gmt":"2025-07-18T14:04:57","guid":{"rendered":"https:\/\/www.sistemas-catalunya.com\/privadesa-digital-protegeix-la-teva-informacio-a-lera-tecnologica\/"},"modified":"2025-07-18T15:04:58","modified_gmt":"2025-07-18T14:04:58","slug":"privadesa-digital-protegeix-la-teva-informacio-a-lera-tecnologica","status":"publish","type":"post","link":"https:\/\/www.sistemas-catalunya.com\/ca\/privadesa-digital-protegeix-la-teva-informacio-a-lera-tecnologica\/","title":{"rendered":"Privadesa digital: protegeix la teva informaci\u00f3 a l&#8217;era tecnol\u00f2gica"},"content":{"rendered":"\t\t<div data-elementor-type=\"wp-post\" data-elementor-id=\"269415\" class=\"elementor elementor-269415 elementor-265306\" data-elementor-post-type=\"post\">\n\t\t\t\t<div class=\"elementor-element elementor-element-1d3419a e-flex e-con-boxed e-con e-parent\" data-id=\"1d3419a\" data-element_type=\"container\" data-e-type=\"container\">\n\t\t\t\t\t<div class=\"e-con-inner\">\n\t\t\t\t<div class=\"elementor-element elementor-element-24ee4cb elementor-widget elementor-widget-text-editor\" data-id=\"24ee4cb\" data-element_type=\"widget\" data-e-type=\"widget\" data-widget_type=\"text-editor.default\">\n\t\t\t\t<div class=\"elementor-widget-container\">\n\t\t\t\t\t\t\t\t\t<p>\u00bfSab\u00edas que cada vez que usas internet dejas un rastro de informaci\u00f3n personal? En la era digital, cuidar de tu<a href=\"https:\/\/www.sistemas-catalunya.com\/servicios\/gestion-documental\/\"> <strong>privacidad digital<\/strong><\/a> no es solo una opci\u00f3n, es una necesidad.\u00a0<\/p>\n<p><\/p>\n<p>Hoy m\u00e1s que nunca, proteger tus datos personales puede marcar la diferencia entre una experiencia online segura o ser v\u00edctima de ataques cibern\u00e9ticos.\u00a0<\/p>\n<p><\/p>\n<p>Descubre c\u00f3mo protegerte y qu\u00e9 herramientas pueden ayudarte.<\/p>\t\t\t\t\t\t\t\t<\/div>\n\t\t\t\t<\/div>\n\t\t\t\t\t<\/div>\n\t\t\t\t<\/div>\n\t\t<div class=\"elementor-element elementor-element-822edb8 e-flex e-con-boxed e-con e-parent\" data-id=\"822edb8\" data-element_type=\"container\" data-e-type=\"container\">\n\t\t\t\t\t<div class=\"e-con-inner\">\n\t\t\t\t<div class=\"elementor-element elementor-element-b401ef3 elementor-widget elementor-widget-heading\" data-id=\"b401ef3\" data-element_type=\"widget\" data-e-type=\"widget\" data-widget_type=\"heading.default\">\n\t\t\t\t<div class=\"elementor-widget-container\">\n\t\t\t\t\t<h2 class=\"elementor-heading-title elementor-size-default\">\u00bfQu\u00e9 es la privacidad digital y por qu\u00e9 es importante?<\/h2>\t\t\t\t<\/div>\n\t\t\t\t<\/div>\n\t\t\t\t\t<\/div>\n\t\t\t\t<\/div>\n\t\t<div class=\"elementor-element elementor-element-e13e709 e-flex e-con-boxed e-con e-parent\" data-id=\"e13e709\" data-element_type=\"container\" data-e-type=\"container\">\n\t\t\t\t\t<div class=\"e-con-inner\">\n\t\t\t\t<div class=\"elementor-element elementor-element-2b49c16 elementor-widget elementor-widget-text-editor\" data-id=\"2b49c16\" data-element_type=\"widget\" data-e-type=\"widget\" data-widget_type=\"text-editor.default\">\n\t\t\t\t<div class=\"elementor-widget-container\">\n\t\t\t\t\t\t\t\t\t<p>La <strong>privacidad digital<\/strong> se refiere al control que tienes sobre tu informaci\u00f3n personal y c\u00f3mo esta es compartida en internet. Desde tus datos bancarios hasta las fotos que subes en redes sociales, cada fragmento de informaci\u00f3n puede ser usado de forma indebida si no tomas precauciones.<\/p>\n<p><\/p>\n<p>Una gesti\u00f3n deficiente de la privacidad puede exponerte a:<\/p>\n<p><\/p>\n<ul class=\"wp-block-list\">\n<li><strong>Robo de identidad.<\/strong><\/li>\n\n<li>Suplantaci\u00f3n de cuentas en redes sociales.<\/li>\n\n<li>Acceso no autorizado a tus dispositivos.<\/li>\n<\/ul>\t\t\t\t\t\t\t\t<\/div>\n\t\t\t\t<\/div>\n\t\t\t\t\t<\/div>\n\t\t\t\t<\/div>\n\t\t<div class=\"elementor-element elementor-element-7fc6cc3 e-flex e-con-boxed e-con e-parent\" data-id=\"7fc6cc3\" data-element_type=\"container\" data-e-type=\"container\">\n\t\t\t\t\t<div class=\"e-con-inner\">\n\t\t\t\t<div class=\"elementor-element elementor-element-2ac7382 elementor-widget elementor-widget-heading\" data-id=\"2ac7382\" data-element_type=\"widget\" data-e-type=\"widget\" data-widget_type=\"heading.default\">\n\t\t\t\t<div class=\"elementor-widget-container\">\n\t\t\t\t\t<h2 class=\"elementor-heading-title elementor-size-default\">Soluciones para proteger tu privacidad digital<\/h2>\t\t\t\t<\/div>\n\t\t\t\t<\/div>\n\t\t\t\t\t<\/div>\n\t\t\t\t<\/div>\n\t\t<div class=\"elementor-element elementor-element-e7d7d57 e-flex e-con-boxed e-con e-parent\" data-id=\"e7d7d57\" data-element_type=\"container\" data-e-type=\"container\">\n\t\t\t\t\t<div class=\"e-con-inner\">\n\t\t\t\t<div class=\"elementor-element elementor-element-74f9934 elementor-widget elementor-widget-text-editor\" data-id=\"74f9934\" data-element_type=\"widget\" data-e-type=\"widget\" data-widget_type=\"text-editor.default\">\n\t\t\t\t<div class=\"elementor-widget-container\">\n\t\t\t\t\t\t\t\t\t<p>En <strong>Sistemas Catalunya<\/strong>, entendemos la importancia de mantener tus datos seguros. Por eso, ofrecemos soluciones dise\u00f1adas para blindar tu informaci\u00f3n:<\/p>\n<p><\/p>\n<p><strong>1. Ciberseguridad avanzada: <\/strong>Protege tus equipos y redes con sistemas que detectan y bloquean intrusiones autom\u00e1ticamente\u200b\u200b.<\/p>\n<p><\/p>\n<p><strong>2. Software de gesti\u00f3n segura: <\/strong>Herramientas que centralizan el acceso a documentos y restringen su uso solo a las personas autorizadas\u200b\u200b.<\/p>\n<p><\/p>\n<p><strong>3. Formaci\u00f3n en seguridad digital: <\/strong>Capacitar a tus empleados o usuarios es clave para prevenir errores que pongan en riesgo tu informaci\u00f3n.<\/p>\t\t\t\t\t\t\t\t<\/div>\n\t\t\t\t<\/div>\n\t\t\t\t\t<\/div>\n\t\t\t\t<\/div>\n\t\t<div class=\"elementor-element elementor-element-38fc916 e-flex e-con-boxed e-con e-parent\" data-id=\"38fc916\" data-element_type=\"container\" data-e-type=\"container\">\n\t\t\t\t\t<div class=\"e-con-inner\">\n\t\t\t\t<div class=\"elementor-element elementor-element-a5371b7 elementor-widget elementor-widget-heading\" data-id=\"a5371b7\" data-element_type=\"widget\" data-e-type=\"widget\" data-widget_type=\"heading.default\">\n\t\t\t\t<div class=\"elementor-widget-container\">\n\t\t\t\t\t<h2 class=\"elementor-heading-title elementor-size-default\">Consejos pr\u00e1cticos para cuidar tu privacidad digital<\/h2>\t\t\t\t<\/div>\n\t\t\t\t<\/div>\n\t\t\t\t\t<\/div>\n\t\t\t\t<\/div>\n\t\t<div class=\"elementor-element elementor-element-c4984e5 e-flex e-con-boxed e-con e-parent\" data-id=\"c4984e5\" data-element_type=\"container\" data-e-type=\"container\">\n\t\t\t\t\t<div class=\"e-con-inner\">\n\t\t\t\t<div class=\"elementor-element elementor-element-621935f elementor-widget elementor-widget-text-editor\" data-id=\"621935f\" data-element_type=\"widget\" data-e-type=\"widget\" data-widget_type=\"text-editor.default\">\n\t\t\t\t<div class=\"elementor-widget-container\">\n\t\t\t\t\t\t\t\t\t<ul class=\"wp-block-list\">\n<li><strong>Usa contrase\u00f1as seguras y \u00fanicas:<\/strong> Mezcla letras, n\u00fameros y caracteres especiales para crear claves robustas.<\/li>\n\n<li><strong>Actualiza tus dispositivos y programas:<\/strong> Las actualizaciones corrigen fallos de seguridad conocidos.<\/li>\n\n<li><strong>Evita redes WiFi p\u00fablicas para transacciones:<\/strong> Utiliza una red privada virtual (VPN) para proteger tus datos en conexiones p\u00fablicas.<\/li>\n\n<li><strong>Configura correctamente la privacidad en redes sociales:<\/strong> Reduce la cantidad de informaci\u00f3n que compartes p\u00fablicamente.<\/li>\n<\/ul>\t\t\t\t\t\t\t\t<\/div>\n\t\t\t\t<\/div>\n\t\t\t\t\t<\/div>\n\t\t\t\t<\/div>\n\t\t<div class=\"elementor-element elementor-element-8566630 e-flex e-con-boxed e-con e-parent\" data-id=\"8566630\" data-element_type=\"container\" data-e-type=\"container\">\n\t\t\t\t\t<div class=\"e-con-inner\">\n\t\t\t\t<div class=\"elementor-element elementor-element-650d0e0 elementor-widget elementor-widget-heading\" data-id=\"650d0e0\" data-element_type=\"widget\" data-e-type=\"widget\" data-widget_type=\"heading.default\">\n\t\t\t\t<div class=\"elementor-widget-container\">\n\t\t\t\t\t<h2 class=\"elementor-heading-title elementor-size-default\">\u00bfPor qu\u00e9 confiar en Sistemas Catalunya?<\/h2>\t\t\t\t<\/div>\n\t\t\t\t<\/div>\n\t\t\t\t\t<\/div>\n\t\t\t\t<\/div>\n\t\t<div class=\"elementor-element elementor-element-ee29c24 e-flex e-con-boxed e-con e-parent\" data-id=\"ee29c24\" data-element_type=\"container\" data-e-type=\"container\">\n\t\t\t\t\t<div class=\"e-con-inner\">\n\t\t\t\t<div class=\"elementor-element elementor-element-7e4f040 elementor-widget elementor-widget-text-editor\" data-id=\"7e4f040\" data-element_type=\"widget\" data-e-type=\"widget\" data-widget_type=\"text-editor.default\">\n\t\t\t\t<div class=\"elementor-widget-container\">\n\t\t\t\t\t\t\t\t\t<p>Con m\u00e1s de 35 a\u00f1os en el sector tecnol\u00f3gico, en <strong>Sistemas Catalunya<\/strong> somos especialistas en implementar soluciones de privacidad y ciberseguridad para empresas de todos los tama\u00f1os\u200b\u200b. Nuestro enfoque personalizado asegura que cada cliente obtenga las herramientas necesarias para proteger su informaci\u00f3n.<\/p>\t\t\t\t\t\t\t\t<\/div>\n\t\t\t\t<\/div>\n\t\t\t\t\t<\/div>\n\t\t\t\t<\/div>\n\t\t<div class=\"elementor-element elementor-element-3f7152e e-flex e-con-boxed e-con e-parent\" data-id=\"3f7152e\" data-element_type=\"container\" data-e-type=\"container\">\n\t\t\t\t\t<div class=\"e-con-inner\">\n\t\t\t\t<div class=\"elementor-element elementor-element-b2d2e6e elementor-widget elementor-widget-heading\" data-id=\"b2d2e6e\" data-element_type=\"widget\" data-e-type=\"widget\" data-widget_type=\"heading.default\">\n\t\t\t\t<div class=\"elementor-widget-container\">\n\t\t\t\t\t<h2 class=\"elementor-heading-title elementor-size-default\">Algunas preguntas frecuentes sobre privacidad digital<\/h2>\t\t\t\t<\/div>\n\t\t\t\t<\/div>\n\t\t\t\t\t<\/div>\n\t\t\t\t<\/div>\n\t\t<div class=\"elementor-element elementor-element-4309243 e-flex e-con-boxed e-con e-parent\" data-id=\"4309243\" data-element_type=\"container\" data-e-type=\"container\">\n\t\t\t\t\t<div class=\"e-con-inner\">\n\t\t\t\t<div class=\"elementor-element elementor-element-70c7a91 elementor-widget elementor-widget-text-editor\" data-id=\"70c7a91\" data-element_type=\"widget\" data-e-type=\"widget\" data-widget_type=\"text-editor.default\">\n\t\t\t\t<div class=\"elementor-widget-container\">\n\t\t\t\t\t\t\t\t\t<p><strong>1. \u00bfC\u00f3mo saber si mis datos est\u00e1n en riesgo?<\/strong><strong><br \/><\/strong>Puedes usar herramientas que detecten fugas de datos en tu correo o cuentas vinculadas.<\/p>\n<p><\/p>\n<p><strong>2. \u00bfQu\u00e9 hacer si sospecho un ataque a mi privacidad?<\/strong><strong><br \/><\/strong>Act\u00faa r\u00e1pido: cambia tus contrase\u00f1as, desconecta dispositivos y contacta con un especialista en ciberseguridad.<\/p>\n<p><\/p>\n<p><strong>3. \u00bfNecesito una soluci\u00f3n empresarial para mi peque\u00f1a empresa?<\/strong><strong><br \/><\/strong>S\u00ed, las peque\u00f1as empresas son objetivos frecuentes de ataques debido a sus sistemas de seguridad m\u00e1s d\u00e9biles.<\/p>\n<p><\/p>\n<p>La <strong>privacidad digital<\/strong> es m\u00e1s que proteger tu informaci\u00f3n: es cuidar tu tranquilidad y la de tu empresa.\u00a0<\/p>\n<p><\/p>\n<p>En <strong>Sistemas Catalunya<\/strong>, estamos aqu\u00ed para ayudarte a dar el siguiente paso hacia una experiencia online m\u00e1s segura. \u00bfPreparado para blindar tus datos? \u00a1Cont\u00e1ctanos hoy mismo!<\/p>\t\t\t\t\t\t\t\t<\/div>\n\t\t\t\t<\/div>\n\t\t\t\t\t<\/div>\n\t\t\t\t<\/div>\n\t\t\t\t<\/div>\n\t\t","protected":false},"excerpt":{"rendered":"<p>\u00bfSab\u00edas que cada vez que usas internet dejas un rastro de informaci\u00f3n personal? En la era digital, cuidar de tu privacidad digital no es solo una opci\u00f3n, es una necesidad.\u00a0 Hoy m\u00e1s que nunca, proteger tus datos personales puede marcar la diferencia entre una experiencia online segura o ser v\u00edctima de ataques cibern\u00e9ticos.\u00a0 Descubre c\u00f3mo [&hellip;]<\/p>\n","protected":false},"author":7,"featured_media":265311,"comment_status":"closed","ping_status":"closed","sticky":false,"template":"","format":"standard","meta":{"_acf_changed":false,"footnotes":""},"categories":[2],"tags":[],"class_list":["post-269415","post","type-post","status-publish","format-standard","has-post-thumbnail","hentry","category-noticies-sistemas-digitales"],"acf":[],"yoast_head":"<!-- This site is optimized with the Yoast SEO plugin v27.4 - https:\/\/yoast.com\/product\/yoast-seo-wordpress\/ -->\n<title>Privadesa digital: protegeix la teva informaci\u00f3 a l&#039;era tecnol\u00f2gica - Sistemas Digitales<\/title>\n<meta name=\"robots\" content=\"index, follow, max-snippet:-1, max-image-preview:large, max-video-preview:-1\" \/>\n<link rel=\"canonical\" href=\"https:\/\/www.sistemas-catalunya.com\/ca\/privadesa-digital-protegeix-la-teva-informacio-a-lera-tecnologica\/\" \/>\n<meta property=\"og:locale\" content=\"ca_ES\" \/>\n<meta property=\"og:type\" content=\"article\" \/>\n<meta property=\"og:title\" content=\"Privadesa digital: protegeix la teva informaci\u00f3 a l&#039;era tecnol\u00f2gica - Sistemas Digitales\" \/>\n<meta property=\"og:description\" content=\"\u00bfSab\u00edas que cada vez que usas internet dejas un rastro de informaci\u00f3n personal? En la era digital, cuidar de tu privacidad digital no es solo una opci\u00f3n, es una necesidad.\u00a0 Hoy m\u00e1s que nunca, proteger tus datos personales puede marcar la diferencia entre una experiencia online segura o ser v\u00edctima de ataques cibern\u00e9ticos.\u00a0 Descubre c\u00f3mo [&hellip;]\" \/>\n<meta property=\"og:url\" content=\"https:\/\/www.sistemas-catalunya.com\/ca\/privadesa-digital-protegeix-la-teva-informacio-a-lera-tecnologica\/\" \/>\n<meta property=\"og:site_name\" content=\"Sistemas Digitales\" \/>\n<meta property=\"article:published_time\" content=\"2025-07-18T14:04:57+00:00\" \/>\n<meta property=\"article:modified_time\" content=\"2025-07-18T14:04:58+00:00\" \/>\n<meta property=\"og:image\" content=\"https:\/\/www.sistemas-catalunya.com\/wp-content\/uploads\/pexels-pixabay-60504.jpg\" \/>\n\t<meta property=\"og:image:width\" content=\"640\" \/>\n\t<meta property=\"og:image:height\" content=\"427\" \/>\n\t<meta property=\"og:image:type\" content=\"image\/jpeg\" \/>\n<meta name=\"author\" content=\"Equipo Sistemas Digitales\" \/>\n<meta name=\"twitter:card\" content=\"summary_large_image\" \/>\n<meta name=\"twitter:label1\" content=\"Escrit per\" \/>\n\t<meta name=\"twitter:data1\" content=\"Equipo Sistemas Digitales\" \/>\n\t<meta name=\"twitter:label2\" content=\"Temps estimat de lectura\" \/>\n\t<meta name=\"twitter:data2\" content=\"3 minuts\" \/>\n<script type=\"application\/ld+json\" class=\"yoast-schema-graph\">{\"@context\":\"https:\\\/\\\/schema.org\",\"@graph\":[{\"@type\":\"Article\",\"@id\":\"https:\\\/\\\/www.sistemas-catalunya.com\\\/ca\\\/privadesa-digital-protegeix-la-teva-informacio-a-lera-tecnologica\\\/#article\",\"isPartOf\":{\"@id\":\"https:\\\/\\\/www.sistemas-catalunya.com\\\/ca\\\/privadesa-digital-protegeix-la-teva-informacio-a-lera-tecnologica\\\/\"},\"author\":{\"name\":\"Equipo Sistemas Digitales\",\"@id\":\"https:\\\/\\\/www.sistemas-catalunya.com\\\/ca\\\/#\\\/schema\\\/person\\\/0e8685d60c5a2a9ea118a07de0f023eb\"},\"headline\":\"Privadesa digital: protegeix la teva informaci\u00f3 a l&#8217;era tecnol\u00f2gica\",\"datePublished\":\"2025-07-18T14:04:57+00:00\",\"dateModified\":\"2025-07-18T14:04:58+00:00\",\"mainEntityOfPage\":{\"@id\":\"https:\\\/\\\/www.sistemas-catalunya.com\\\/ca\\\/privadesa-digital-protegeix-la-teva-informacio-a-lera-tecnologica\\\/\"},\"wordCount\":513,\"image\":{\"@id\":\"https:\\\/\\\/www.sistemas-catalunya.com\\\/ca\\\/privadesa-digital-protegeix-la-teva-informacio-a-lera-tecnologica\\\/#primaryimage\"},\"thumbnailUrl\":\"https:\\\/\\\/www.sistemas-catalunya.com\\\/wp-content\\\/uploads\\\/pexels-pixabay-60504.jpg\",\"articleSection\":[\"Not\u00edcies Sistemas Digitales\"],\"inLanguage\":\"ca\"},{\"@type\":\"WebPage\",\"@id\":\"https:\\\/\\\/www.sistemas-catalunya.com\\\/ca\\\/privadesa-digital-protegeix-la-teva-informacio-a-lera-tecnologica\\\/\",\"url\":\"https:\\\/\\\/www.sistemas-catalunya.com\\\/ca\\\/privadesa-digital-protegeix-la-teva-informacio-a-lera-tecnologica\\\/\",\"name\":\"Privadesa digital: protegeix la teva informaci\u00f3 a l'era tecnol\u00f2gica - Sistemas Digitales\",\"isPartOf\":{\"@id\":\"https:\\\/\\\/www.sistemas-catalunya.com\\\/ca\\\/#website\"},\"primaryImageOfPage\":{\"@id\":\"https:\\\/\\\/www.sistemas-catalunya.com\\\/ca\\\/privadesa-digital-protegeix-la-teva-informacio-a-lera-tecnologica\\\/#primaryimage\"},\"image\":{\"@id\":\"https:\\\/\\\/www.sistemas-catalunya.com\\\/ca\\\/privadesa-digital-protegeix-la-teva-informacio-a-lera-tecnologica\\\/#primaryimage\"},\"thumbnailUrl\":\"https:\\\/\\\/www.sistemas-catalunya.com\\\/wp-content\\\/uploads\\\/pexels-pixabay-60504.jpg\",\"datePublished\":\"2025-07-18T14:04:57+00:00\",\"dateModified\":\"2025-07-18T14:04:58+00:00\",\"author\":{\"@id\":\"https:\\\/\\\/www.sistemas-catalunya.com\\\/ca\\\/#\\\/schema\\\/person\\\/0e8685d60c5a2a9ea118a07de0f023eb\"},\"breadcrumb\":{\"@id\":\"https:\\\/\\\/www.sistemas-catalunya.com\\\/ca\\\/privadesa-digital-protegeix-la-teva-informacio-a-lera-tecnologica\\\/#breadcrumb\"},\"inLanguage\":\"ca\",\"potentialAction\":[{\"@type\":\"ReadAction\",\"target\":[\"https:\\\/\\\/www.sistemas-catalunya.com\\\/ca\\\/privadesa-digital-protegeix-la-teva-informacio-a-lera-tecnologica\\\/\"]}]},{\"@type\":\"ImageObject\",\"inLanguage\":\"ca\",\"@id\":\"https:\\\/\\\/www.sistemas-catalunya.com\\\/ca\\\/privadesa-digital-protegeix-la-teva-informacio-a-lera-tecnologica\\\/#primaryimage\",\"url\":\"https:\\\/\\\/www.sistemas-catalunya.com\\\/wp-content\\\/uploads\\\/pexels-pixabay-60504.jpg\",\"contentUrl\":\"https:\\\/\\\/www.sistemas-catalunya.com\\\/wp-content\\\/uploads\\\/pexels-pixabay-60504.jpg\",\"width\":640,\"height\":427,\"caption\":\"privacidad digital\"},{\"@type\":\"BreadcrumbList\",\"@id\":\"https:\\\/\\\/www.sistemas-catalunya.com\\\/ca\\\/privadesa-digital-protegeix-la-teva-informacio-a-lera-tecnologica\\\/#breadcrumb\",\"itemListElement\":[{\"@type\":\"ListItem\",\"position\":1,\"name\":\"Sistemas Catalunya\",\"item\":\"https:\\\/\\\/www.sistemas-catalunya.com\\\/ca\\\/\"},{\"@type\":\"ListItem\",\"position\":2,\"name\":\"Privadesa digital: protegeix la teva informaci\u00f3 a l&#8217;era tecnol\u00f2gica\"}]},{\"@type\":\"WebSite\",\"@id\":\"https:\\\/\\\/www.sistemas-catalunya.com\\\/ca\\\/#website\",\"url\":\"https:\\\/\\\/www.sistemas-catalunya.com\\\/ca\\\/\",\"name\":\"Sistemas Digitales\",\"description\":\"Renting de Impresoras y Fotocopiadoras ...\",\"potentialAction\":[{\"@type\":\"SearchAction\",\"target\":{\"@type\":\"EntryPoint\",\"urlTemplate\":\"https:\\\/\\\/www.sistemas-catalunya.com\\\/ca\\\/?s={search_term_string}\"},\"query-input\":{\"@type\":\"PropertyValueSpecification\",\"valueRequired\":true,\"valueName\":\"search_term_string\"}}],\"inLanguage\":\"ca\"},{\"@type\":\"Person\",\"@id\":\"https:\\\/\\\/www.sistemas-catalunya.com\\\/ca\\\/#\\\/schema\\\/person\\\/0e8685d60c5a2a9ea118a07de0f023eb\",\"name\":\"Equipo Sistemas Digitales\",\"image\":{\"@type\":\"ImageObject\",\"inLanguage\":\"ca\",\"@id\":\"https:\\\/\\\/secure.gravatar.com\\\/avatar\\\/ec335ddbf628e32b733bae25c902ee849b9b8e4b3ed348c566d53642133e8df7?s=96&d=mm&r=g\",\"url\":\"https:\\\/\\\/secure.gravatar.com\\\/avatar\\\/ec335ddbf628e32b733bae25c902ee849b9b8e4b3ed348c566d53642133e8df7?s=96&d=mm&r=g\",\"contentUrl\":\"https:\\\/\\\/secure.gravatar.com\\\/avatar\\\/ec335ddbf628e32b733bae25c902ee849b9b8e4b3ed348c566d53642133e8df7?s=96&d=mm&r=g\",\"caption\":\"Equipo Sistemas Digitales\"},\"description\":\"En Sistemas Catalunya ofrecemos alquiler de impresoras con soporte t\u00e9cnico y flexibilidad para actualizar equipos. Disfrute de calidad y un servicio al cliente excepcional.\"}]}<\/script>\n<!-- \/ Yoast SEO plugin. -->","yoast_head_json":{"title":"Privadesa digital: protegeix la teva informaci\u00f3 a l'era tecnol\u00f2gica - Sistemas Digitales","robots":{"index":"index","follow":"follow","max-snippet":"max-snippet:-1","max-image-preview":"max-image-preview:large","max-video-preview":"max-video-preview:-1"},"canonical":"https:\/\/www.sistemas-catalunya.com\/ca\/privadesa-digital-protegeix-la-teva-informacio-a-lera-tecnologica\/","og_locale":"ca_ES","og_type":"article","og_title":"Privadesa digital: protegeix la teva informaci\u00f3 a l'era tecnol\u00f2gica - Sistemas Digitales","og_description":"\u00bfSab\u00edas que cada vez que usas internet dejas un rastro de informaci\u00f3n personal? En la era digital, cuidar de tu privacidad digital no es solo una opci\u00f3n, es una necesidad.\u00a0 Hoy m\u00e1s que nunca, proteger tus datos personales puede marcar la diferencia entre una experiencia online segura o ser v\u00edctima de ataques cibern\u00e9ticos.\u00a0 Descubre c\u00f3mo [&hellip;]","og_url":"https:\/\/www.sistemas-catalunya.com\/ca\/privadesa-digital-protegeix-la-teva-informacio-a-lera-tecnologica\/","og_site_name":"Sistemas Digitales","article_published_time":"2025-07-18T14:04:57+00:00","article_modified_time":"2025-07-18T14:04:58+00:00","og_image":[{"width":640,"height":427,"url":"https:\/\/www.sistemas-catalunya.com\/wp-content\/uploads\/pexels-pixabay-60504.jpg","type":"image\/jpeg"}],"author":"Equipo Sistemas Digitales","twitter_card":"summary_large_image","twitter_misc":{"Escrit per":"Equipo Sistemas Digitales","Temps estimat de lectura":"3 minuts"},"schema":{"@context":"https:\/\/schema.org","@graph":[{"@type":"Article","@id":"https:\/\/www.sistemas-catalunya.com\/ca\/privadesa-digital-protegeix-la-teva-informacio-a-lera-tecnologica\/#article","isPartOf":{"@id":"https:\/\/www.sistemas-catalunya.com\/ca\/privadesa-digital-protegeix-la-teva-informacio-a-lera-tecnologica\/"},"author":{"name":"Equipo Sistemas Digitales","@id":"https:\/\/www.sistemas-catalunya.com\/ca\/#\/schema\/person\/0e8685d60c5a2a9ea118a07de0f023eb"},"headline":"Privadesa digital: protegeix la teva informaci\u00f3 a l&#8217;era tecnol\u00f2gica","datePublished":"2025-07-18T14:04:57+00:00","dateModified":"2025-07-18T14:04:58+00:00","mainEntityOfPage":{"@id":"https:\/\/www.sistemas-catalunya.com\/ca\/privadesa-digital-protegeix-la-teva-informacio-a-lera-tecnologica\/"},"wordCount":513,"image":{"@id":"https:\/\/www.sistemas-catalunya.com\/ca\/privadesa-digital-protegeix-la-teva-informacio-a-lera-tecnologica\/#primaryimage"},"thumbnailUrl":"https:\/\/www.sistemas-catalunya.com\/wp-content\/uploads\/pexels-pixabay-60504.jpg","articleSection":["Not\u00edcies Sistemas Digitales"],"inLanguage":"ca"},{"@type":"WebPage","@id":"https:\/\/www.sistemas-catalunya.com\/ca\/privadesa-digital-protegeix-la-teva-informacio-a-lera-tecnologica\/","url":"https:\/\/www.sistemas-catalunya.com\/ca\/privadesa-digital-protegeix-la-teva-informacio-a-lera-tecnologica\/","name":"Privadesa digital: protegeix la teva informaci\u00f3 a l'era tecnol\u00f2gica - Sistemas Digitales","isPartOf":{"@id":"https:\/\/www.sistemas-catalunya.com\/ca\/#website"},"primaryImageOfPage":{"@id":"https:\/\/www.sistemas-catalunya.com\/ca\/privadesa-digital-protegeix-la-teva-informacio-a-lera-tecnologica\/#primaryimage"},"image":{"@id":"https:\/\/www.sistemas-catalunya.com\/ca\/privadesa-digital-protegeix-la-teva-informacio-a-lera-tecnologica\/#primaryimage"},"thumbnailUrl":"https:\/\/www.sistemas-catalunya.com\/wp-content\/uploads\/pexels-pixabay-60504.jpg","datePublished":"2025-07-18T14:04:57+00:00","dateModified":"2025-07-18T14:04:58+00:00","author":{"@id":"https:\/\/www.sistemas-catalunya.com\/ca\/#\/schema\/person\/0e8685d60c5a2a9ea118a07de0f023eb"},"breadcrumb":{"@id":"https:\/\/www.sistemas-catalunya.com\/ca\/privadesa-digital-protegeix-la-teva-informacio-a-lera-tecnologica\/#breadcrumb"},"inLanguage":"ca","potentialAction":[{"@type":"ReadAction","target":["https:\/\/www.sistemas-catalunya.com\/ca\/privadesa-digital-protegeix-la-teva-informacio-a-lera-tecnologica\/"]}]},{"@type":"ImageObject","inLanguage":"ca","@id":"https:\/\/www.sistemas-catalunya.com\/ca\/privadesa-digital-protegeix-la-teva-informacio-a-lera-tecnologica\/#primaryimage","url":"https:\/\/www.sistemas-catalunya.com\/wp-content\/uploads\/pexels-pixabay-60504.jpg","contentUrl":"https:\/\/www.sistemas-catalunya.com\/wp-content\/uploads\/pexels-pixabay-60504.jpg","width":640,"height":427,"caption":"privacidad digital"},{"@type":"BreadcrumbList","@id":"https:\/\/www.sistemas-catalunya.com\/ca\/privadesa-digital-protegeix-la-teva-informacio-a-lera-tecnologica\/#breadcrumb","itemListElement":[{"@type":"ListItem","position":1,"name":"Sistemas Catalunya","item":"https:\/\/www.sistemas-catalunya.com\/ca\/"},{"@type":"ListItem","position":2,"name":"Privadesa digital: protegeix la teva informaci\u00f3 a l&#8217;era tecnol\u00f2gica"}]},{"@type":"WebSite","@id":"https:\/\/www.sistemas-catalunya.com\/ca\/#website","url":"https:\/\/www.sistemas-catalunya.com\/ca\/","name":"Sistemas Digitales","description":"Renting de Impresoras y Fotocopiadoras ...","potentialAction":[{"@type":"SearchAction","target":{"@type":"EntryPoint","urlTemplate":"https:\/\/www.sistemas-catalunya.com\/ca\/?s={search_term_string}"},"query-input":{"@type":"PropertyValueSpecification","valueRequired":true,"valueName":"search_term_string"}}],"inLanguage":"ca"},{"@type":"Person","@id":"https:\/\/www.sistemas-catalunya.com\/ca\/#\/schema\/person\/0e8685d60c5a2a9ea118a07de0f023eb","name":"Equipo Sistemas Digitales","image":{"@type":"ImageObject","inLanguage":"ca","@id":"https:\/\/secure.gravatar.com\/avatar\/ec335ddbf628e32b733bae25c902ee849b9b8e4b3ed348c566d53642133e8df7?s=96&d=mm&r=g","url":"https:\/\/secure.gravatar.com\/avatar\/ec335ddbf628e32b733bae25c902ee849b9b8e4b3ed348c566d53642133e8df7?s=96&d=mm&r=g","contentUrl":"https:\/\/secure.gravatar.com\/avatar\/ec335ddbf628e32b733bae25c902ee849b9b8e4b3ed348c566d53642133e8df7?s=96&d=mm&r=g","caption":"Equipo Sistemas Digitales"},"description":"En Sistemas Catalunya ofrecemos alquiler de impresoras con soporte t\u00e9cnico y flexibilidad para actualizar equipos. Disfrute de calidad y un servicio al cliente excepcional."}]}},"_links":{"self":[{"href":"https:\/\/www.sistemas-catalunya.com\/ca\/wp-json\/wp\/v2\/posts\/269415","targetHints":{"allow":["GET"]}}],"collection":[{"href":"https:\/\/www.sistemas-catalunya.com\/ca\/wp-json\/wp\/v2\/posts"}],"about":[{"href":"https:\/\/www.sistemas-catalunya.com\/ca\/wp-json\/wp\/v2\/types\/post"}],"author":[{"embeddable":true,"href":"https:\/\/www.sistemas-catalunya.com\/ca\/wp-json\/wp\/v2\/users\/7"}],"replies":[{"embeddable":true,"href":"https:\/\/www.sistemas-catalunya.com\/ca\/wp-json\/wp\/v2\/comments?post=269415"}],"version-history":[{"count":1,"href":"https:\/\/www.sistemas-catalunya.com\/ca\/wp-json\/wp\/v2\/posts\/269415\/revisions"}],"predecessor-version":[{"id":269417,"href":"https:\/\/www.sistemas-catalunya.com\/ca\/wp-json\/wp\/v2\/posts\/269415\/revisions\/269417"}],"wp:featuredmedia":[{"embeddable":true,"href":"https:\/\/www.sistemas-catalunya.com\/ca\/wp-json\/wp\/v2\/media\/265311"}],"wp:attachment":[{"href":"https:\/\/www.sistemas-catalunya.com\/ca\/wp-json\/wp\/v2\/media?parent=269415"}],"wp:term":[{"taxonomy":"category","embeddable":true,"href":"https:\/\/www.sistemas-catalunya.com\/ca\/wp-json\/wp\/v2\/categories?post=269415"},{"taxonomy":"post_tag","embeddable":true,"href":"https:\/\/www.sistemas-catalunya.com\/ca\/wp-json\/wp\/v2\/tags?post=269415"}],"curies":[{"name":"wp","href":"https:\/\/api.w.org\/{rel}","templated":true}]}}